{"id":1926,"date":"2019-04-04T13:10:32","date_gmt":"2019-04-04T19:10:32","guid":{"rendered":"http:\/\/diariodigitalmx.com\/?p=1926"},"modified":"2019-04-04T13:10:33","modified_gmt":"2019-04-04T19:10:33","slug":"cierre-de-garitas-afectan-economia-mexicana-admite-marquez-colin","status":"publish","type":"post","link":"https:\/\/diariodigitalmx.com\/index.php\/2019\/04\/04\/cierre-de-garitas-afectan-economia-mexicana-admite-marquez-colin\/","title":{"rendered":"Cierre de garitas afectan econom\u00eda mexicana, admite M\u00e1rquez Col\u00edn"},"content":{"rendered":"\n<h3 class=\"wp-block-heading\">La secretaria de Econom\u00eda presentar\u00e1 cifras al presidente tras la contingencia en la frontera norte<\/h3>\n\n\n\n<p>La Oficina de Aduanas y Protecci\u00f3n Fronteriza de Estados Unidos ya cerr\u00f3 dos de los 10 carriles de Otay de forma indefinida, adem\u00e1s se ha reportado tr\u00e1nsito lento en el cruce hacia El Paso, como parte de los intentos de Estados Unidos para frenar la migraci\u00f3n ilegal de Centroamericanos.<\/p>\n\n\n\n<p>Esta ma\u00f1ana, L\u00f3pez Obrador advirti\u00f3 a la Uni\u00f3n Americana que &#8220;no conviene&#8221; a nadie el cierre de la frontera y buscar\u00e1n que se aplique la ley, para resolver las problem\u00e1ticas mediante el di\u00e1logo y la colaboraci\u00f3n con el gobierno de Dobald Trump.<\/p>\n\n\n\n<p>Ante el condicionamiento del gobierno estadounidense para firmar el Tratado M\u00e9xico-Estados Unidos-Canad\u00e1; la Secretar\u00eda de Econom\u00eda ya envi\u00f3 la iniciativa de la Reforma Laboral al Congreso de la Uni\u00f3n.<\/p>\n\n\n\n<p>La secretaria de Econom\u00eda, Graciela M\u00e1rquez Col\u00edn, reconoci\u00f3 que el cierre de garitas s\u00ed est\u00e1 afectando la econom\u00eda mexicana, porque se interrumpen los flujos comerciales.<\/p>\n\n\n\n<p>&#8220;Por supuesto, porque se interrumpen los flujos comerciales&#8221;, respondi\u00f3 despu\u00e9s de una reuni\u00f3n con el presidente Andr\u00e9s Manuel L\u00f3pez Obrador y el gabinete econ\u00f3mico.Tras negarse a revelar las cifras, excus\u00f3 que a\u00fan no pueden medir el impacto que tendr\u00e1 en la zona fronteriza, pero ma\u00f1ana deber\u00e1 presentar un informe al presidente de la Rep\u00fablica.<\/p>\n\n\n\n<p>&#8220;No la podemos medir todav\u00eda, porque llevan dos d\u00edas, el presidente me encarg\u00f3 hacerle un reporte para ma\u00f1ana&#8221;, adelant\u00f3.<\/p>\n","protected":false},"excerpt":{"rendered":"<p>La secretaria de Econom\u00eda presentar\u00e1 cifras al presidente tras la contingencia en la frontera norte La Oficina de Aduanas y Protecci\u00f3n Fronteriza de Estados Unidos ya cerr\u00f3 dos de los 10 carriles de Otay de forma indefinida, adem\u00e1s se ha reportado tr\u00e1nsito lento en el cruce hacia El Paso, como parte de los intentos de [&hellip;]<\/p>\n","protected":false},"author":1,"featured_media":1927,"comment_status":"open","ping_status":"open","sticky":true,"template":"","format":"standard","meta":{"footnotes":""},"categories":[6,3],"tags":[],"_links":{"self":[{"href":"https:\/\/diariodigitalmx.com\/index.php\/wp-json\/wp\/v2\/posts\/1926"}],"collection":[{"href":"https:\/\/diariodigitalmx.com\/index.php\/wp-json\/wp\/v2\/posts"}],"about":[{"href":"https:\/\/diariodigitalmx.com\/index.php\/wp-json\/wp\/v2\/types\/post"}],"author":[{"embeddable":true,"href":"https:\/\/diariodigitalmx.com\/index.php\/wp-json\/wp\/v2\/users\/1"}],"replies":[{"embeddable":true,"href":"https:\/\/diariodigitalmx.com\/index.php\/wp-json\/wp\/v2\/comments?post=1926"}],"version-history":[{"count":1,"href":"https:\/\/diariodigitalmx.com\/index.php\/wp-json\/wp\/v2\/posts\/1926\/revisions"}],"predecessor-version":[{"id":1928,"href":"https:\/\/diariodigitalmx.com\/index.php\/wp-json\/wp\/v2\/posts\/1926\/revisions\/1928"}],"wp:featuredmedia":[{"embeddable":true,"href":"https:\/\/diariodigitalmx.com\/index.php\/wp-json\/wp\/v2\/media\/1927"}],"wp:attachment":[{"href":"https:\/\/diariodigitalmx.com\/index.php\/wp-json\/wp\/v2\/media?parent=1926"}],"wp:term":[{"taxonomy":"category","embeddable":true,"href":"https:\/\/diariodigitalmx.com\/index.php\/wp-json\/wp\/v2\/categories?post=1926"},{"taxonomy":"post_tag","embeddable":true,"href":"https:\/\/diariodigitalmx.com\/index.php\/wp-json\/wp\/v2\/tags?post=1926"}],"curies":[{"name":"wp","href":"https:\/\/api.w.org\/{rel}","templated":true}]}}