{"id":193,"date":"2019-01-31T10:24:56","date_gmt":"2019-01-31T16:24:56","guid":{"rendered":"http:\/\/diariodigitalmx.com\/?p=193"},"modified":"2019-02-12T10:41:49","modified_gmt":"2019-02-12T16:41:49","slug":"monterrey-ya-tiene-alcalde-se-reelige-adrian-de-la-garza","status":"publish","type":"post","link":"https:\/\/diariodigitalmx.com\/index.php\/2019\/01\/31\/monterrey-ya-tiene-alcalde-se-reelige-adrian-de-la-garza\/","title":{"rendered":"Monterrey ya tiene alcalde; se reelige Adri\u00e1n de la Garza"},"content":{"rendered":"\n<p>Tras una serie de procesos judiciales electorales y un Concejal por tres meses, el priista Adri\u00e1n de la Garza asumi\u00f3 la alcald\u00eda de Monterrey por un segundo periodo al frente de la capital regiomontana, luego de que, la &nbsp;elecci\u00f3n de Julio pasado fue anulada. <br><\/p>\n\n\n\n<p>De la Garza llega nuevamente a la presidencia municipal regia en un momento en que la inseguridad se recrudece en la entidad y Monterrey es la ciudad neolonesa que presenta los mayores \u00edndices de violencia, seg\u00fan el gobierno de Nuevo Le\u00f3n.<br><\/p>\n\n\n\n<p>Una hora antes de su toma de posesi\u00f3n la <\/p>\n\n\n\n<p>Sala Superior del Tribunal Electoral del Poder Judicial de la Federaci\u00f3n desech\u00f3 la impugnaci\u00f3n presentada por el Partido Acci\u00f3n Nacional por la elecci\u00f3n extraordinaria en Monterrey.<br><br>Con seis votos a favor y uno en contra se vot\u00f3 el proyecto en el cual se contempl\u00f3 improcedente la impugnaci\u00f3n.<\/p>\n\n\n\n<p><br><br>En la Sala de Cabildo, De la Garza rindi\u00f3 protesta tras 92 d\u00edas de retraso con relaci\u00f3n al resto de &nbsp;los ediles de Nuevo Le\u00f3n y luego de un  largo proceso judicial electoral que contempl\u00f3 impugnaciones  con Acci\u00f3n Nacional.<\/p>\n\n\n\n<p><br>A la ceremonia asistieron funcionarios priistas nacionales &nbsp;como los coordinadores en el Senado y la C\u00e1mara de Diputados, Miguel \u00c1ngel Osorio Chong y Ren\u00e9 Ju\u00e1rez, respectivamente, y el Secretario General cenopista Arturo Zamora.<br><br>Tambi\u00e9n los ex Gobernadores Natividad Gonz\u00e1lez Par\u00e1s, Benjamin Clariond y S\u00f3crates Rizzo y por el Gobierno estatal como representante el Secretario General de Gobierno, Manuel Gonz\u00e1lez.<br><\/p>\n\n\n\n<p>Horas antes, la clase pol\u00edtica local y los invitados nacionales como Alejandro Moreno C\u00e1rdenas, gobernador de Campeche, Rub\u00e9n Moreira ex gobernador de Coahuila y Rogelio Cerda P\u00e9rez que reci\u00e9n concluy\u00f3 al frente de la Profeco en el pa\u00eds convivieron con De los Santos en un restaurante de la localidad.<\/p>\n","protected":false},"excerpt":{"rendered":"<p>Tras una serie de procesos judiciales electorales y un Concejal por tres meses, el priista Adri\u00e1n de la Garza asumi\u00f3 la alcald\u00eda de Monterrey por un segundo periodo al frente de la capital regiomontana, luego de que, la &nbsp;elecci\u00f3n de Julio pasado fue anulada. De la Garza llega nuevamente a la presidencia municipal regia en [&hellip;]<\/p>\n","protected":false},"author":1,"featured_media":194,"comment_status":"open","ping_status":"open","sticky":true,"template":"","format":"standard","meta":{"footnotes":""},"categories":[6,5],"tags":[],"_links":{"self":[{"href":"https:\/\/diariodigitalmx.com\/index.php\/wp-json\/wp\/v2\/posts\/193"}],"collection":[{"href":"https:\/\/diariodigitalmx.com\/index.php\/wp-json\/wp\/v2\/posts"}],"about":[{"href":"https:\/\/diariodigitalmx.com\/index.php\/wp-json\/wp\/v2\/types\/post"}],"author":[{"embeddable":true,"href":"https:\/\/diariodigitalmx.com\/index.php\/wp-json\/wp\/v2\/users\/1"}],"replies":[{"embeddable":true,"href":"https:\/\/diariodigitalmx.com\/index.php\/wp-json\/wp\/v2\/comments?post=193"}],"version-history":[{"count":2,"href":"https:\/\/diariodigitalmx.com\/index.php\/wp-json\/wp\/v2\/posts\/193\/revisions"}],"predecessor-version":[{"id":223,"href":"https:\/\/diariodigitalmx.com\/index.php\/wp-json\/wp\/v2\/posts\/193\/revisions\/223"}],"wp:featuredmedia":[{"embeddable":true,"href":"https:\/\/diariodigitalmx.com\/index.php\/wp-json\/wp\/v2\/media\/194"}],"wp:attachment":[{"href":"https:\/\/diariodigitalmx.com\/index.php\/wp-json\/wp\/v2\/media?parent=193"}],"wp:term":[{"taxonomy":"category","embeddable":true,"href":"https:\/\/diariodigitalmx.com\/index.php\/wp-json\/wp\/v2\/categories?post=193"},{"taxonomy":"post_tag","embeddable":true,"href":"https:\/\/diariodigitalmx.com\/index.php\/wp-json\/wp\/v2\/tags?post=193"}],"curies":[{"name":"wp","href":"https:\/\/api.w.org\/{rel}","templated":true}]}}