{"id":1968,"date":"2019-04-05T13:16:42","date_gmt":"2019-04-05T19:16:42","guid":{"rendered":"http:\/\/diariodigitalmx.com\/?p=1968"},"modified":"2019-04-05T13:16:43","modified_gmt":"2019-04-05T19:16:43","slug":"cnte-protesta-en-san-lazaro-contra-reforma-educativa","status":"publish","type":"post","link":"https:\/\/diariodigitalmx.com\/index.php\/2019\/04\/05\/cnte-protesta-en-san-lazaro-contra-reforma-educativa\/","title":{"rendered":"CNTE protesta en San L\u00e1zaro contra reforma educativa"},"content":{"rendered":"\n<p> El vocero de la CNTE, Wilbert Gonz\u00e1lez, advirti\u00f3 que, si los diputados optan por un albazo al aprobar la nueva reforma, los maestros har\u00e1n un paro indefinido y continuar\u00e1n con los bloqueos. <\/p>\n\n\n\n<p>Integrantes de la Coordinadora Nacional de Trabajadores de la Educaci\u00f3n (CNTE) protestan en la C\u00e1mara de Diputados contra la actual reforma educativa, la cual demandan sea abrogada.<\/p>\n\n\n\n<p>El vocero de la CNTE, Wilbert Gonz\u00e1lez, advirti\u00f3 en entrevista que, si los diputados optan por un albazo al aprobar la nueva reforma, los maestros har\u00e1n un paro indefinido y continuar\u00e1n con los bloqueos.<\/p>\n\n\n\n<p>\u201cSi hay un albazo legislativo, la posici\u00f3n pol\u00edtica de la Coordinadora es de una movilizaci\u00f3n y paro indefinido de labores; vamos a perseguir todos los espacios que pretendan para un albazo\u201d, advirti\u00f3.<\/p>\n\n\n\n<p>Asimismo, dijo que los maestros le piden al presidente Andr\u00e9s Manuel L\u00f3pez Obrador, evite el doble discurso y mantenga sus promesas de campa\u00f1a ante el magisterio.<\/p>\n\n\n\n<p>\u201cEs necesario que no tenga un doble discurso. Andr\u00e9s Manuel L\u00f3pez debe estar presente para hablar de manera certera de una abrogaci\u00f3n real y total de la reforma educativa. \u00c9l lo prometi\u00f3 a nivel nacional y tiene que quedar registrado en un proyecto de decreto\u201d, expuso Gonz\u00e1lez.<\/p>\n\n\n\n<p>La preocupaci\u00f3n de los maestros, abund\u00f3, radica que en hay t\u00e9rminos que s\u00f3lo fueron cambiados como: admisi\u00f3n por promoci\u00f3n, calidad por idoneidad y excelencia por certificaci\u00f3n, por mencionar algunos \u201cy eso es los que preocupa a las bases\u201d.<\/p>\n\n\n\n<p>Adem\u00e1s, al existir un proceso de selecci\u00f3n, \u201cnos indica que habr\u00e1 evaluaci\u00f3n para el ingreso al servicio educativo\u201d.<\/p>\n\n\n\n<p>El vocero de la CNTE tambi\u00e9n reconoci\u00f3 que el car\u00e1cter punitivo \u201cde alguna manera se ha excluido, pero, por otra parte, sigue la falta de presupuesto en las comunidades\u201d.<\/p>\n","protected":false},"excerpt":{"rendered":"<p>El vocero de la CNTE, Wilbert Gonz\u00e1lez, advirti\u00f3 que, si los diputados optan por un albazo al aprobar la nueva reforma, los maestros har\u00e1n un paro indefinido y continuar\u00e1n con los bloqueos. Integrantes de la Coordinadora Nacional de Trabajadores de la Educaci\u00f3n (CNTE) protestan en la C\u00e1mara de Diputados contra la actual reforma educativa, la [&hellip;]<\/p>\n","protected":false},"author":1,"featured_media":1970,"comment_status":"open","ping_status":"open","sticky":true,"template":"","format":"standard","meta":{"footnotes":""},"categories":[2],"tags":[],"_links":{"self":[{"href":"https:\/\/diariodigitalmx.com\/index.php\/wp-json\/wp\/v2\/posts\/1968"}],"collection":[{"href":"https:\/\/diariodigitalmx.com\/index.php\/wp-json\/wp\/v2\/posts"}],"about":[{"href":"https:\/\/diariodigitalmx.com\/index.php\/wp-json\/wp\/v2\/types\/post"}],"author":[{"embeddable":true,"href":"https:\/\/diariodigitalmx.com\/index.php\/wp-json\/wp\/v2\/users\/1"}],"replies":[{"embeddable":true,"href":"https:\/\/diariodigitalmx.com\/index.php\/wp-json\/wp\/v2\/comments?post=1968"}],"version-history":[{"count":1,"href":"https:\/\/diariodigitalmx.com\/index.php\/wp-json\/wp\/v2\/posts\/1968\/revisions"}],"predecessor-version":[{"id":1971,"href":"https:\/\/diariodigitalmx.com\/index.php\/wp-json\/wp\/v2\/posts\/1968\/revisions\/1971"}],"wp:featuredmedia":[{"embeddable":true,"href":"https:\/\/diariodigitalmx.com\/index.php\/wp-json\/wp\/v2\/media\/1970"}],"wp:attachment":[{"href":"https:\/\/diariodigitalmx.com\/index.php\/wp-json\/wp\/v2\/media?parent=1968"}],"wp:term":[{"taxonomy":"category","embeddable":true,"href":"https:\/\/diariodigitalmx.com\/index.php\/wp-json\/wp\/v2\/categories?post=1968"},{"taxonomy":"post_tag","embeddable":true,"href":"https:\/\/diariodigitalmx.com\/index.php\/wp-json\/wp\/v2\/tags?post=1968"}],"curies":[{"name":"wp","href":"https:\/\/api.w.org\/{rel}","templated":true}]}}