{"id":1977,"date":"2019-04-05T13:20:50","date_gmt":"2019-04-05T19:20:50","guid":{"rendered":"http:\/\/diariodigitalmx.com\/?p=1977"},"modified":"2019-04-05T13:20:51","modified_gmt":"2019-04-05T19:20:51","slug":"muere-tecladista-oscar-barron-fundador-de-los-hermanos-barron","status":"publish","type":"post","link":"https:\/\/diariodigitalmx.com\/index.php\/2019\/04\/05\/muere-tecladista-oscar-barron-fundador-de-los-hermanos-barron\/","title":{"rendered":"Muere tecladista \u00d3scar Barr\u00f3n, fundador de Los Hermanos Barr\u00f3n"},"content":{"rendered":"\n<p>Barr\u00f3n Zulaica, fund\u00f3 en 1954 el grupo junto con sus hermanos Joaqu\u00edn y Esteban, siendo considerados los pioneros en la m\u00fasica grupera.<\/p>\n\n\n\n<p>El tecladista y fundador de la agrupaci\u00f3n musical de Los Hermanos Barr\u00f3n, \u00d3scar Barr\u00f3n Zulaica, falleci\u00f3 la v\u00edspera a la edad de 83 a\u00f1os, en el municipio de Allende, Coahuila.<\/p>\n\n\n\n<p>Barr\u00f3n Zulaica, fund\u00f3 en 1954 el grupo junto con sus hermanos Joaqu\u00edn y Esteban, siendo considerados los pioneros en la m\u00fasica grupera, con la cual se identificaron con el p\u00fablico por m\u00e1s de seis d\u00e9cadas en las cuales incursionaron en otros g\u00e9neros musicales como norte\u00f1o y huasteco.<\/p>\n\n\n\n<p>Familiares e integrantes del grupo indicaron del deceso, registrado la tarde del jueves, a causa de enfermedades que aquejaban al m\u00fasico.<\/p>\n\n\n\n<p>El saxofonista y compositor de Los Hermanos Barr\u00f3n, el Conjunto del Sabor, logr\u00f3 colocar varios temas en los primeros lugares en las listas de popularidad a nivel nacional, parte de Am\u00e9rica del Sur y Estados Unidos.<\/p>\n\n\n\n<p>Su larga lista de \u00e9xitos esta integrada por temas como \u201cEl hijo de su\u201d, \u201cAhora si baila el mu\u00f1eco\u201d, \u201cPancho L\u00f3pez\u201d, \u201cGavil\u00e1n Pollero\u201d y \u201cDomingo siete\u201d, \u201cZ\u00fambale Mar\u00eda\u201d, \u201cRueditas de Amor\u201d y \u201cEl 20 u\u00f1as, entre muchos m\u00e1s.<\/p>\n\n\n\n<p>Al m\u00fasico, nacido en 1936 en R\u00edo Bravo de Allende, Coahuila, le sobreviven su esposa Mar\u00eda del Refugio Escamilla, as\u00ed como sus hijos, nietos y sus hermanos Joaqu\u00edn, Olivia, Ofelia y Esteban.<\/p>\n\n\n\n<p>A trav\u00e9s de las redes sociales, seguidores del conjunto han expresado sus condolencias a sus familiares, sin definirse cuando se llevar\u00e1n a los servicios&nbsp;<\/p>\n","protected":false},"excerpt":{"rendered":"<p>Barr\u00f3n Zulaica, fund\u00f3 en 1954 el grupo junto con sus hermanos Joaqu\u00edn y Esteban, siendo considerados los pioneros en la m\u00fasica grupera. El tecladista y fundador de la agrupaci\u00f3n musical de Los Hermanos Barr\u00f3n, \u00d3scar Barr\u00f3n Zulaica, falleci\u00f3 la v\u00edspera a la edad de 83 a\u00f1os, en el municipio de Allende, Coahuila. Barr\u00f3n Zulaica, fund\u00f3 [&hellip;]<\/p>\n","protected":false},"author":1,"featured_media":1978,"comment_status":"open","ping_status":"open","sticky":true,"template":"","format":"standard","meta":{"footnotes":""},"categories":[9],"tags":[],"_links":{"self":[{"href":"https:\/\/diariodigitalmx.com\/index.php\/wp-json\/wp\/v2\/posts\/1977"}],"collection":[{"href":"https:\/\/diariodigitalmx.com\/index.php\/wp-json\/wp\/v2\/posts"}],"about":[{"href":"https:\/\/diariodigitalmx.com\/index.php\/wp-json\/wp\/v2\/types\/post"}],"author":[{"embeddable":true,"href":"https:\/\/diariodigitalmx.com\/index.php\/wp-json\/wp\/v2\/users\/1"}],"replies":[{"embeddable":true,"href":"https:\/\/diariodigitalmx.com\/index.php\/wp-json\/wp\/v2\/comments?post=1977"}],"version-history":[{"count":1,"href":"https:\/\/diariodigitalmx.com\/index.php\/wp-json\/wp\/v2\/posts\/1977\/revisions"}],"predecessor-version":[{"id":1979,"href":"https:\/\/diariodigitalmx.com\/index.php\/wp-json\/wp\/v2\/posts\/1977\/revisions\/1979"}],"wp:featuredmedia":[{"embeddable":true,"href":"https:\/\/diariodigitalmx.com\/index.php\/wp-json\/wp\/v2\/media\/1978"}],"wp:attachment":[{"href":"https:\/\/diariodigitalmx.com\/index.php\/wp-json\/wp\/v2\/media?parent=1977"}],"wp:term":[{"taxonomy":"category","embeddable":true,"href":"https:\/\/diariodigitalmx.com\/index.php\/wp-json\/wp\/v2\/categories?post=1977"},{"taxonomy":"post_tag","embeddable":true,"href":"https:\/\/diariodigitalmx.com\/index.php\/wp-json\/wp\/v2\/tags?post=1977"}],"curies":[{"name":"wp","href":"https:\/\/api.w.org\/{rel}","templated":true}]}}