{"id":1986,"date":"2019-04-05T13:25:59","date_gmt":"2019-04-05T19:25:59","guid":{"rendered":"http:\/\/diariodigitalmx.com\/?p=1986"},"modified":"2019-04-05T13:26:00","modified_gmt":"2019-04-05T19:26:00","slug":"pavel-pardo-y-tomas-boy-encabezan-la-lista-de-investidos-al-salon-de-la-fama-de-futbol","status":"publish","type":"post","link":"https:\/\/diariodigitalmx.com\/index.php\/2019\/04\/05\/pavel-pardo-y-tomas-boy-encabezan-la-lista-de-investidos-al-salon-de-la-fama-de-futbol\/","title":{"rendered":"Pavel Pardo y Tom\u00e1s Boy encabezan la lista de investidos al Sal\u00f3n de la Fama de Futbol"},"content":{"rendered":"\n<h3 class=\"wp-block-heading\"><strong>En lo internacional ingresaron, Deschamps, Bautista, Sacchi y Zanetti<\/strong><\/h3>\n\n\n\n<p><strong>Salvador Aguilera \/ Enviado (De El Sol de M\u00e9xico)<\/strong><\/p>\n\n\n\n<p>Madrid.- Se realiz\u00f3 la novena votaci\u00f3n del Sal\u00f3n de la Fama, que por primera vez se realiz\u00f3 fuera de Pachuca, La \u201cCuna\u201d del Futbol Mexicano, y fue todo un \u00e9xito al contar con una gran cantidad de medios y periodistas internacionales.<\/p>\n\n\n\n<p>La sede fue Madrid, Espa\u00f1a, donde se llev\u00f3 a cabo la elecci\u00f3n de los 12 nuevos miembros que engrosar\u00e1n las filas del majestuoso escenario, en la capital hidalguense.Aunque resulte incre\u00edble, en tierras espa\u00f1olas no se eligi\u00f3 a ning\u00fan jugador o ex jugador de este pa\u00eds para entrar al Sal\u00f3n de la Fama. Fernando Hierro, indiscutible de la Furia Roja y del Real Madrid, empat\u00f3 en las votaciones con el franc\u00e9s Didier Deschamps y se fue por el t\u00e9cnico campe\u00f3n del mundo.<\/p>\n\n\n\n<p><strong>Pavel Pardo<\/strong><\/p>\n\n\n\n<p>Debut\u00f3 en 1993, fue campe\u00f3n con Am\u00e9rica en 2002 y 2005, adem\u00e1s de haber sido seleccionado y campe\u00f3n en Alemania con el Stuttgart en 2007. Fue el primer jugador mexicano en ser campe\u00f3n en Alemania junto con Ricardo Osorio.<\/p>\n\n\n\n<p><strong>Miguel Calero<\/strong><\/p>\n\n\n\n<p>Fue jugador del Pachuca y gan\u00f3 los t\u00edtulos de Liga 2001, 2003, 2006 y 2007. Gan\u00f3 la Copa Am\u00e9rica de 2001 con la Selecci\u00f3n de Colombia, tambi\u00e9n conquist\u00f3 la Copa Sudamericana con Pachuca en 2006.<\/p>\n\n\n\n<p><strong>Tom\u00e1s Boy<\/strong><\/p>\n\n\n\n<p>Debut\u00f3 en 1972 con el Atl\u00e9tico Espa\u00f1ol, pero su mejor \u00e9poca la vivi\u00f3 con los Tigres en las temporadas 77-78 y 81-82 y tambi\u00e9n ha tenido una larga trayectoria como entrenador.<\/p>\n\n\n\n<p><strong>Gustavo \u201cHalc\u00f3n\u201dPe\u00f1a<\/strong><\/p>\n\n\n\n<p>Jug\u00f3 los Mundiales del 66 y 70. Fue capit\u00e1n Tricolor durante 10 a\u00f1os.<\/p>\n\n\n\n<p><strong>Tom\u00e1s Balc\u00e1zar<\/strong><\/p>\n\n\n\n<p>Fue campe\u00f3n con Chivas en la temporada 56-57. Anot\u00f3 54 goles en diez a\u00f1os. Mundialista en 1954 y fue autor de un gol.<\/p>\n\n\n\n<p><strong>Gabriel Batistuta<\/strong><\/p>\n\n\n\n<p>El goleador argentino jug\u00f3 tres Copas del Mundo, 2 Copas Confederaciones y tres veces disput\u00f3 la Copa Am\u00e9rica siendo campe\u00f3n en dos.<\/p>\n\n\n\n<p><strong>Didier Deschamps<\/strong><\/p>\n\n\n\n<p>T\u00e9cnico campe\u00f3n del mundo con Francia, en Rusia 2018, pero aparte, levant\u00f3 el t\u00edtulo como jugador en su pa\u00eds, en 1998.<\/p>\n\n\n\n<p><strong>Arrigo Sacchi<\/strong><\/p>\n\n\n\n<p>T\u00e9cnico de Italia en 1994, cuando perdi\u00f3 la final con Brasil. Consigui\u00f3 una Liga en Italia y 2 Copas de Europa, adem\u00e1s de dos Supercopas.<\/p>\n\n\n\n<p><strong>Javier Zanetti<\/strong><\/p>\n\n\n\n<p>Jugador argentino con una larga trayectoria en Italia y con la Selecci\u00f3n de Argentina. Gan\u00f3 4 Copas UEFA, 2 Copas de Italia y una Supercopa. Disput\u00f3 los Mundiales de 1998 y 2002.<\/p>\n\n\n\n<p><strong>Raymond Kopa<\/strong><\/p>\n\n\n\n<p>Meti\u00f3 30 goles en 103 partidos con el Real Madrid. Disput\u00f3 dos Copas del Mundo. Fue campe\u00f3n en Espa\u00f1a y Francia. Bal\u00f3n de Oro en 1958.<\/p>\n\n\n\n<p><strong>Alicia \u201cPel\u00e9\u201d Vargas<\/strong><\/p>\n\n\n\n<p>Se encuentra en la tabla de las mejores jugadoras del siglo de CONCACAF, seg\u00fan la FIFA.<\/p>\n\n\n\n<p><strong>Sissi<\/strong><\/p>\n\n\n\n<p>Brasile\u00f1a internacional, quien gan\u00f3 la Bota de Oro de la FIFA en 1999. Disput\u00f3 dos Copas del Mundo y dos Juegos Ol\u00edmpicos.<\/p>\n","protected":false},"excerpt":{"rendered":"<p>En lo internacional ingresaron, Deschamps, Bautista, Sacchi y Zanetti Salvador Aguilera \/ Enviado (De El Sol de M\u00e9xico) Madrid.- Se realiz\u00f3 la novena votaci\u00f3n del Sal\u00f3n de la Fama, que por primera vez se realiz\u00f3 fuera de Pachuca, La \u201cCuna\u201d del Futbol Mexicano, y fue todo un \u00e9xito al contar con una gran cantidad de [&hellip;]<\/p>\n","protected":false},"author":1,"featured_media":1987,"comment_status":"open","ping_status":"open","sticky":true,"template":"","format":"standard","meta":{"footnotes":""},"categories":[8],"tags":[],"_links":{"self":[{"href":"https:\/\/diariodigitalmx.com\/index.php\/wp-json\/wp\/v2\/posts\/1986"}],"collection":[{"href":"https:\/\/diariodigitalmx.com\/index.php\/wp-json\/wp\/v2\/posts"}],"about":[{"href":"https:\/\/diariodigitalmx.com\/index.php\/wp-json\/wp\/v2\/types\/post"}],"author":[{"embeddable":true,"href":"https:\/\/diariodigitalmx.com\/index.php\/wp-json\/wp\/v2\/users\/1"}],"replies":[{"embeddable":true,"href":"https:\/\/diariodigitalmx.com\/index.php\/wp-json\/wp\/v2\/comments?post=1986"}],"version-history":[{"count":1,"href":"https:\/\/diariodigitalmx.com\/index.php\/wp-json\/wp\/v2\/posts\/1986\/revisions"}],"predecessor-version":[{"id":1988,"href":"https:\/\/diariodigitalmx.com\/index.php\/wp-json\/wp\/v2\/posts\/1986\/revisions\/1988"}],"wp:featuredmedia":[{"embeddable":true,"href":"https:\/\/diariodigitalmx.com\/index.php\/wp-json\/wp\/v2\/media\/1987"}],"wp:attachment":[{"href":"https:\/\/diariodigitalmx.com\/index.php\/wp-json\/wp\/v2\/media?parent=1986"}],"wp:term":[{"taxonomy":"category","embeddable":true,"href":"https:\/\/diariodigitalmx.com\/index.php\/wp-json\/wp\/v2\/categories?post=1986"},{"taxonomy":"post_tag","embeddable":true,"href":"https:\/\/diariodigitalmx.com\/index.php\/wp-json\/wp\/v2\/tags?post=1986"}],"curies":[{"name":"wp","href":"https:\/\/api.w.org\/{rel}","templated":true}]}}