{"id":1989,"date":"2019-04-05T13:28:47","date_gmt":"2019-04-05T19:28:47","guid":{"rendered":"http:\/\/diariodigitalmx.com\/?p=1989"},"modified":"2019-04-05T13:28:48","modified_gmt":"2019-04-05T19:28:48","slug":"emma-coronel-envia-intimo-mensaje-de-cumpleanos-a-su-esposo-el-chapo","status":"publish","type":"post","link":"https:\/\/diariodigitalmx.com\/index.php\/2019\/04\/05\/emma-coronel-envia-intimo-mensaje-de-cumpleanos-a-su-esposo-el-chapo\/","title":{"rendered":"Emma Coronel env\u00eda  \u00edntimo mensaje de cumplea\u00f1os a su esposo  El Chapo"},"content":{"rendered":"\n<h3 class=\"wp-block-heading\"><strong>Coronel\u00a0invit\u00f3 a dise\u00f1adores de moda &#8220;que est\u00e9n comenzando&#8221; a participar en el proyecto de una l\u00ednea de ropa basada en la pol\u00e9mica figura del capo<\/strong><\/h3>\n\n\n\n<p>Emma Coronel, la esposa de Joaqu\u00edn&nbsp;<em>El Chapo<\/em>&nbsp;Guzm\u00e1n, felicit\u00f3 al capo sinaloense por su cumplea\u00f1os n\u00famero 62.<\/p>\n\n\n\n<p>A trav\u00e9s de Instagram, Emma Coronel, de 29 a\u00f1os, mand\u00f3 felicitaciones a El Chapo. &#8220;Feliz cumplea\u00f1os cari\u00f1o. Te amamos&#8221;, se lee en el mensaje.<\/p>\n\n\n\n<p>El mensaje, el cual comparti\u00f3 en sus historias de Instagram, fue acompa\u00f1ado con una canci\u00f3n de Sebasti\u00e1n Yatra titulada&nbsp;<em>&#8220;Un A\u00f1o&#8221;,<\/em>&nbsp;y con emojis de dos beb\u00e9s, los cuales hacen referencia a sus gemelas.<\/p>\n\n\n\n<p>Anuncia marca de ropa de El Chapo<\/p>\n\n\n\n<p>Asimismo Emma Coronel comparti\u00f3 una imagen en la cual anunci\u00f3 su proyecto de una l\u00ednea de ropa basada en la pol\u00e9mica figura de su marido.<\/p>\n\n\n\n<p>&#8220;El Chapo Guzm\u00e1n: JGL&#8221; es el nombre que ha elegido la esposa del m\u00edtico l\u00edder del cartel de Sinaloa, quien el pasado 12 de febrero fue declarado culpable por un juzgado de Nueva York y podr\u00eda ser condenado a cadena perpetua.<\/p>\n\n\n\n<p>Las prendas ser\u00e1n vendidas a trav\u00e9s de internet y sus principales mercados ser\u00e1n M\u00e9xico y Estados Unidos.<\/p>\n\n\n\n<p>Coronel invit\u00f3 esta semana a dise\u00f1adores de moda &#8220;que est\u00e9n comenzando&#8221; a participar en el proyecto.<\/p>\n","protected":false},"excerpt":{"rendered":"<p>Coronel\u00a0invit\u00f3 a dise\u00f1adores de moda &#8220;que est\u00e9n comenzando&#8221; a participar en el proyecto de una l\u00ednea de ropa basada en la pol\u00e9mica figura del capo Emma Coronel, la esposa de Joaqu\u00edn&nbsp;El Chapo&nbsp;Guzm\u00e1n, felicit\u00f3 al capo sinaloense por su cumplea\u00f1os n\u00famero 62. A trav\u00e9s de Instagram, Emma Coronel, de 29 a\u00f1os, mand\u00f3 felicitaciones a El Chapo. [&hellip;]<\/p>\n","protected":false},"author":1,"featured_media":1990,"comment_status":"open","ping_status":"open","sticky":true,"template":"","format":"standard","meta":{"footnotes":""},"categories":[4],"tags":[],"_links":{"self":[{"href":"https:\/\/diariodigitalmx.com\/index.php\/wp-json\/wp\/v2\/posts\/1989"}],"collection":[{"href":"https:\/\/diariodigitalmx.com\/index.php\/wp-json\/wp\/v2\/posts"}],"about":[{"href":"https:\/\/diariodigitalmx.com\/index.php\/wp-json\/wp\/v2\/types\/post"}],"author":[{"embeddable":true,"href":"https:\/\/diariodigitalmx.com\/index.php\/wp-json\/wp\/v2\/users\/1"}],"replies":[{"embeddable":true,"href":"https:\/\/diariodigitalmx.com\/index.php\/wp-json\/wp\/v2\/comments?post=1989"}],"version-history":[{"count":1,"href":"https:\/\/diariodigitalmx.com\/index.php\/wp-json\/wp\/v2\/posts\/1989\/revisions"}],"predecessor-version":[{"id":1991,"href":"https:\/\/diariodigitalmx.com\/index.php\/wp-json\/wp\/v2\/posts\/1989\/revisions\/1991"}],"wp:featuredmedia":[{"embeddable":true,"href":"https:\/\/diariodigitalmx.com\/index.php\/wp-json\/wp\/v2\/media\/1990"}],"wp:attachment":[{"href":"https:\/\/diariodigitalmx.com\/index.php\/wp-json\/wp\/v2\/media?parent=1989"}],"wp:term":[{"taxonomy":"category","embeddable":true,"href":"https:\/\/diariodigitalmx.com\/index.php\/wp-json\/wp\/v2\/categories?post=1989"},{"taxonomy":"post_tag","embeddable":true,"href":"https:\/\/diariodigitalmx.com\/index.php\/wp-json\/wp\/v2\/tags?post=1989"}],"curies":[{"name":"wp","href":"https:\/\/api.w.org\/{rel}","templated":true}]}}