{"id":2016,"date":"2019-04-06T12:04:27","date_gmt":"2019-04-06T18:04:27","guid":{"rendered":"http:\/\/diariodigitalmx.com\/?p=2016"},"modified":"2019-04-06T12:04:28","modified_gmt":"2019-04-06T18:04:28","slug":"pablo-lyle-con-un-pie-en-la-carcel-aqui-te-explicamos-la-situacion-legal-del-actor","status":"publish","type":"post","link":"https:\/\/diariodigitalmx.com\/index.php\/2019\/04\/06\/pablo-lyle-con-un-pie-en-la-carcel-aqui-te-explicamos-la-situacion-legal-del-actor\/","title":{"rendered":"\u00bfPablo Lyle con un pie en la c\u00e1rcel? Aqu\u00ed te explicamos la situaci\u00f3n legal del actor"},"content":{"rendered":"\n<h3 class=\"wp-block-heading\">&nbsp;acuerdo con los reportes, el d\u00eda de ayer se fij\u00f3 una audiencia judicial para el 8 de abril<\/h3>\n\n\n\n<p>El Sol de M\u00e9xico Online<\/p>\n\n\n\n<p>Autoridades de Miami investigan la muerte del cubano Juan Ricardo Hern\u00e1ndez,&nbsp;<a href=\"https:\/\/www.elsoldemexico.com.mx\/gossip\/omg\/aqui-el-video-donde-pablo-lyle-golpea-a-hombre-que-termino-muerto-en-miami-3281375.html\">el hombre que fue golpeado por Pablo Lyle<\/a>&nbsp;debido a un incidente de tr\u00e1nsito y que posteriormente falleci\u00f3 a causa de un derrame cerebral.<\/p>\n\n\n\n<p>De acuerdo con los reportes, el d\u00eda de ayer se fij\u00f3 una audiencia judicial para el 8 de abril, sin embargo, un d\u00eda antes, la defensa de Lyle present\u00f3 a la jueza Lisa Walsh un documento que dice que el actor no es culpable.<\/p>\n\n\n\n<figure><iframe><\/iframe><\/figure>\n\n\n\n<p>Por su parte, Lissete Valdes Valle, portavoz de la fiscal\u00eda del condado de Miami-Dade declar\u00f3 a de Associated Press que el caso se encuentra bajo investigaci\u00f3n.<\/p>\n\n\n\n<p><strong>Es una investigaci\u00f3n de homicidio de la Ciudad de Miami y nosotros (la fiscal\u00eda) estamos trabajando con ellos.&nbsp;<\/strong><\/p>\n\n\n\n<p>Cabe recordar, que luego del incidente, el actor fue detenido en el aeropuerto de Miami pero posteriormente quedo en libertad al pagar una fianza de 5 mil d\u00f3lares, seg\u00fan los expedientes de los tribunales que aparecen en l\u00ednea.<\/p>\n","protected":false},"excerpt":{"rendered":"<p>&nbsp;acuerdo con los reportes, el d\u00eda de ayer se fij\u00f3 una audiencia judicial para el 8 de abril El Sol de M\u00e9xico Online Autoridades de Miami investigan la muerte del cubano Juan Ricardo Hern\u00e1ndez,&nbsp;el hombre que fue golpeado por Pablo Lyle&nbsp;debido a un incidente de tr\u00e1nsito y que posteriormente falleci\u00f3 a causa de un derrame [&hellip;]<\/p>\n","protected":false},"author":1,"featured_media":2017,"comment_status":"open","ping_status":"open","sticky":true,"template":"","format":"standard","meta":{"footnotes":""},"categories":[9],"tags":[],"_links":{"self":[{"href":"https:\/\/diariodigitalmx.com\/index.php\/wp-json\/wp\/v2\/posts\/2016"}],"collection":[{"href":"https:\/\/diariodigitalmx.com\/index.php\/wp-json\/wp\/v2\/posts"}],"about":[{"href":"https:\/\/diariodigitalmx.com\/index.php\/wp-json\/wp\/v2\/types\/post"}],"author":[{"embeddable":true,"href":"https:\/\/diariodigitalmx.com\/index.php\/wp-json\/wp\/v2\/users\/1"}],"replies":[{"embeddable":true,"href":"https:\/\/diariodigitalmx.com\/index.php\/wp-json\/wp\/v2\/comments?post=2016"}],"version-history":[{"count":1,"href":"https:\/\/diariodigitalmx.com\/index.php\/wp-json\/wp\/v2\/posts\/2016\/revisions"}],"predecessor-version":[{"id":2018,"href":"https:\/\/diariodigitalmx.com\/index.php\/wp-json\/wp\/v2\/posts\/2016\/revisions\/2018"}],"wp:featuredmedia":[{"embeddable":true,"href":"https:\/\/diariodigitalmx.com\/index.php\/wp-json\/wp\/v2\/media\/2017"}],"wp:attachment":[{"href":"https:\/\/diariodigitalmx.com\/index.php\/wp-json\/wp\/v2\/media?parent=2016"}],"wp:term":[{"taxonomy":"category","embeddable":true,"href":"https:\/\/diariodigitalmx.com\/index.php\/wp-json\/wp\/v2\/categories?post=2016"},{"taxonomy":"post_tag","embeddable":true,"href":"https:\/\/diariodigitalmx.com\/index.php\/wp-json\/wp\/v2\/tags?post=2016"}],"curies":[{"name":"wp","href":"https:\/\/api.w.org\/{rel}","templated":true}]}}