{"id":2019,"date":"2019-04-06T12:07:03","date_gmt":"2019-04-06T18:07:03","guid":{"rendered":"http:\/\/diariodigitalmx.com\/?p=2019"},"modified":"2019-04-06T12:07:04","modified_gmt":"2019-04-06T18:07:04","slug":"que-no-se-te-pase-este-domingo-7-de-abril-inicia-el-horario-de-verano","status":"publish","type":"post","link":"https:\/\/diariodigitalmx.com\/index.php\/2019\/04\/06\/que-no-se-te-pase-este-domingo-7-de-abril-inicia-el-horario-de-verano\/","title":{"rendered":"Que no se te pase, este  domingo 7 de abril inicia el Horario de verano"},"content":{"rendered":"\n<h3 class=\"wp-block-heading\">No olvides adelantar una hora tu reloj la noche del&nbsp; s\u00e1bado 6 antes de ir a dormir<\/h3>\n\n\n\n<p><\/p>\n\n\n\n<p>El domingo 7 de abril dar\u00e1 inicio del Horario de Verano en la mayor parte del pa\u00eds, por lo que se recomienda adelantar una hora el reloj la noche del s\u00e1bado 6 antes de dormir.<\/p>\n\n\n\n<p>El objetivo de esta medida es reducir el consumo de energ\u00eda el\u00e9ctrica, utilizado principalmente en iluminaci\u00f3n, equivalente a una hora de luz artificial por las noches, teniendo su mayor impacto en el sector dom\u00e9stico.<br><\/p>\n\n\n\n<p>De acuerdo con los datos m\u00e1s recientes de la Secretar\u00eda de Energ\u00eda (Sener), el ahorro econ\u00f3mico por esta medida durante 2018 se estim\u00f3 en mil 393 millones de pesos, con un costo medio de energ\u00eda el\u00e9ctrica de 1.4805 pesos por Kilovatio (kWh) para los usuarios dom\u00e9sticos.<\/p>\n\n\n\n<p>Seg\u00fan los datos del Fideicomiso para el Ahorro de Energ\u00eda El\u00e9ctrica (FIDE), el a\u00f1o pasado se obtuvo un ahorro de energ\u00eda el\u00e9ctrica en consumo de 941.019 Gigawatts-hora (GWh), equivalente al abastecimiento del consumo el\u00e9ctrico de 589 mil casas habitaci\u00f3n durante todo un a\u00f1o, con un consumo promedio de 266 kWh\/bimestre.<\/p>\n\n\n\n<p>El pasado 10 de marzo comenz\u00f3 el Horario de Verano 2019 en los 33 municipios fronterizos del norte del pa\u00eds, mientras que Sonora no se aplica la medida, ya que mantiene su horario todo el a\u00f1o para estar a la par del estado de Arizona.<\/p>\n\n\n\n<p>Adem\u00e1s, el estado de Quintana Roo tampoco se hace cambio de horario desde 2015, con el objetivo de optimizar el turismo.<br><\/p>\n","protected":false},"excerpt":{"rendered":"<p>No olvides adelantar una hora tu reloj la noche del&nbsp; s\u00e1bado 6 antes de ir a dormir El domingo 7 de abril dar\u00e1 inicio del Horario de Verano en la mayor parte del pa\u00eds, por lo que se recomienda adelantar una hora el reloj la noche del s\u00e1bado 6 antes de dormir. El objetivo de [&hellip;]<\/p>\n","protected":false},"author":1,"featured_media":2020,"comment_status":"open","ping_status":"open","sticky":true,"template":"","format":"standard","meta":{"footnotes":""},"categories":[2,3],"tags":[],"_links":{"self":[{"href":"https:\/\/diariodigitalmx.com\/index.php\/wp-json\/wp\/v2\/posts\/2019"}],"collection":[{"href":"https:\/\/diariodigitalmx.com\/index.php\/wp-json\/wp\/v2\/posts"}],"about":[{"href":"https:\/\/diariodigitalmx.com\/index.php\/wp-json\/wp\/v2\/types\/post"}],"author":[{"embeddable":true,"href":"https:\/\/diariodigitalmx.com\/index.php\/wp-json\/wp\/v2\/users\/1"}],"replies":[{"embeddable":true,"href":"https:\/\/diariodigitalmx.com\/index.php\/wp-json\/wp\/v2\/comments?post=2019"}],"version-history":[{"count":1,"href":"https:\/\/diariodigitalmx.com\/index.php\/wp-json\/wp\/v2\/posts\/2019\/revisions"}],"predecessor-version":[{"id":2021,"href":"https:\/\/diariodigitalmx.com\/index.php\/wp-json\/wp\/v2\/posts\/2019\/revisions\/2021"}],"wp:featuredmedia":[{"embeddable":true,"href":"https:\/\/diariodigitalmx.com\/index.php\/wp-json\/wp\/v2\/media\/2020"}],"wp:attachment":[{"href":"https:\/\/diariodigitalmx.com\/index.php\/wp-json\/wp\/v2\/media?parent=2019"}],"wp:term":[{"taxonomy":"category","embeddable":true,"href":"https:\/\/diariodigitalmx.com\/index.php\/wp-json\/wp\/v2\/categories?post=2019"},{"taxonomy":"post_tag","embeddable":true,"href":"https:\/\/diariodigitalmx.com\/index.php\/wp-json\/wp\/v2\/tags?post=2019"}],"curies":[{"name":"wp","href":"https:\/\/api.w.org\/{rel}","templated":true}]}}