{"id":20281,"date":"2020-01-11T23:34:10","date_gmt":"2020-01-12T05:34:10","guid":{"rendered":"http:\/\/diariodigitalmx.com\/?p=20281"},"modified":"2020-01-11T23:35:18","modified_gmt":"2020-01-12T05:35:18","slug":"pierde-la-batalla-la-parka-adios-al-luchador","status":"publish","type":"post","link":"https:\/\/diariodigitalmx.com\/index.php\/2020\/01\/11\/pierde-la-batalla-la-parka-adios-al-luchador\/","title":{"rendered":"Pierde la batalla La Parka; adi\u00f3s al luchador"},"content":{"rendered":"\n<p>El luchador mexicano \u201cLa Parka\u201d perdi\u00f3 la lucha m\u00e1s importante, luego de no poder recuperarse de una fuerte ca\u00edda sufrida en una funci\u00f3n realizada el pasado mes de octubre en Monterrey.<\/p>\n\n\n\n<p>Pese a que el 7 de noviembre se anunci\u00f3 mejor\u00eda de Jes\u00fas Alfonso Escoboza Huerta y que hab\u00eda sido trasladado de terapia intensiva a intermedia, dicha comprensi\u00f3n de m\u00e9dula espinal pudo causar la muerte como se tem\u00eda en aquella fecha.<\/p>\n\n\n\n<p>El Consejo Mundial de Lucha Libre (CMLL) y la empresa AAA confirmaron la penosa noticia mediante sus redes sociales, y aprovecharon para mandar sus condolencias a los familiares de la \u201cHuesuda\u201d<\/p>\n\n\n\n<ul class=\"wp-block-gallery columns-1 is-cropped wp-block-gallery-1 is-layout-flex wp-block-gallery-is-layout-flex\"><li class=\"blocks-gallery-item\"><figure><img loading=\"lazy\" decoding=\"async\" width=\"702\" height=\"437\" src=\"http:\/\/diariodigitalmx.com\/wp-content\/uploads\/2020\/01\/images-10.jpeg\" alt=\"\" data-id=\"20285\" data-link=\"http:\/\/diariodigitalmx.com\/index.php\/2020\/01\/11\/pierde-la-batalla-la-parka-adios-al-luchador\/images-272\/\" class=\"wp-image-20285\" srcset=\"https:\/\/diariodigitalmx.com\/wp-content\/uploads\/2020\/01\/images-10.jpeg 702w, https:\/\/diariodigitalmx.com\/wp-content\/uploads\/2020\/01\/images-10-300x187.jpeg 300w\" sizes=\"(max-width: 702px) 100vw, 702px\" \/><\/figure><\/li><\/ul>\n\n\n\n<p>\u201cCon mucha tristeza lamentamos informar que nuestro amigo e \u00eddolo de la lucha libre mexicana Jes\u00fas Alfonso Escoboza Huerta &#8220;LA PARKA&#8221; ha fallecido. Externamos nuestro apoyo y condolencias a toda su familia y elevamos nuestras oraciones para su pronta resignaci\u00f3n. Descanse en paz\u201d, comunicaron mediante su cuenta oficial de Twitter.<\/p>\n\n\n\n<p><\/p>\n","protected":false},"excerpt":{"rendered":"<p>El luchador mexicano \u201cLa Parka\u201d perdi\u00f3 la lucha m\u00e1s importante, luego de no poder recuperarse de una fuerte ca\u00edda sufrida en una funci\u00f3n realizada el pasado mes de octubre en Monterrey. Pese a que el 7 de noviembre se anunci\u00f3 mejor\u00eda de Jes\u00fas Alfonso Escoboza Huerta y que hab\u00eda sido trasladado de terapia intensiva a [&hellip;]<\/p>\n","protected":false},"author":1,"featured_media":20284,"comment_status":"open","ping_status":"open","sticky":true,"template":"","format":"standard","meta":{"footnotes":""},"categories":[8,5],"tags":[],"_links":{"self":[{"href":"https:\/\/diariodigitalmx.com\/index.php\/wp-json\/wp\/v2\/posts\/20281"}],"collection":[{"href":"https:\/\/diariodigitalmx.com\/index.php\/wp-json\/wp\/v2\/posts"}],"about":[{"href":"https:\/\/diariodigitalmx.com\/index.php\/wp-json\/wp\/v2\/types\/post"}],"author":[{"embeddable":true,"href":"https:\/\/diariodigitalmx.com\/index.php\/wp-json\/wp\/v2\/users\/1"}],"replies":[{"embeddable":true,"href":"https:\/\/diariodigitalmx.com\/index.php\/wp-json\/wp\/v2\/comments?post=20281"}],"version-history":[{"count":2,"href":"https:\/\/diariodigitalmx.com\/index.php\/wp-json\/wp\/v2\/posts\/20281\/revisions"}],"predecessor-version":[{"id":20286,"href":"https:\/\/diariodigitalmx.com\/index.php\/wp-json\/wp\/v2\/posts\/20281\/revisions\/20286"}],"wp:featuredmedia":[{"embeddable":true,"href":"https:\/\/diariodigitalmx.com\/index.php\/wp-json\/wp\/v2\/media\/20284"}],"wp:attachment":[{"href":"https:\/\/diariodigitalmx.com\/index.php\/wp-json\/wp\/v2\/media?parent=20281"}],"wp:term":[{"taxonomy":"category","embeddable":true,"href":"https:\/\/diariodigitalmx.com\/index.php\/wp-json\/wp\/v2\/categories?post=20281"},{"taxonomy":"post_tag","embeddable":true,"href":"https:\/\/diariodigitalmx.com\/index.php\/wp-json\/wp\/v2\/tags?post=20281"}],"curies":[{"name":"wp","href":"https:\/\/api.w.org\/{rel}","templated":true}]}}