{"id":2075,"date":"2019-04-08T13:59:12","date_gmt":"2019-04-08T18:59:12","guid":{"rendered":"http:\/\/diariodigitalmx.com\/?p=2075"},"modified":"2019-04-08T13:59:13","modified_gmt":"2019-04-08T18:59:13","slug":"la-presa-esta-libre","status":"publish","type":"post","link":"https:\/\/diariodigitalmx.com\/index.php\/2019\/04\/08\/la-presa-esta-libre\/","title":{"rendered":"\u00a1La presa est\u00e1 libre!"},"content":{"rendered":"\n<p><strong>\u00a1<\/strong>Dentro de los principales proyectos de infraestructura  que puede tener cualquier estado, son sin duda los relativos al tema del agua. Desde su acumulaci\u00f3n, distribuci\u00f3n, traslado y su destino final, ya sea p\u00fablico o privado. Por lo que cada a\u00f1o, se demuestra la capacidad de los servidores p\u00fablicos, para poder  solicitar, negociar y obtener los recursos necesarios para concretar o iniciar proyectos estructurales que beneficiar\u00e1n a sus estados, por consiguiente a los ciudadanos, asegur\u00e1ndoles este vital l\u00edquido.<br><\/p>\n\n\n\n<p>Tal es el caso de mi estado Nuevo Le\u00f3n, que despu\u00e9s de\n tres a\u00f1os de arduo trabajo se logr\u00f3 que la Comisi\u00f3n Nacional del Agua firmara el convenio de asignaci\u00f3n de aguas nacionales y el t\u00edtulo de concesi\u00f3n para la \u201cPresa Libertad\u201d.\n<br><\/p>\n\n\n\n<p>En dicha firma, se pact\u00f3 la cesi\u00f3n de derechos para construir\n el embalse en los l\u00edmites de los municipios de Montemorelos y Linares, con una extensi\u00f3n de 2 mil 292 hect\u00e1reas, adem\u00e1s de establecer el uso de 50 millones de metros c\u00fabicos de agua del R\u00edo Cabezones por un lapso de 30 a\u00f1os.<br><\/p>\n\n\n\n<p>Con este gran proyecto se garantizar\u00e1n mil seiscientos\n litros por segundo para el abasto de m\u00e1s de 700 mil habitantes de la zona metropolitana y est\u00e1 prevista concluirla en 2021, al tiempo que el Gobernador Jaime Rodr\u00edguez Calder\u00f3n termine su mandato.<br><\/p>\n\n\n\n<p>Estamos convencidos que con este t\u00edtulo de concesi\u00f3n,\n en primer lugar, se garantiza que el agua se utilice de manera exclusiva para la poblaci\u00f3n, atendiendo la instrucci\u00f3n que dio el Presidente de la Rep\u00fablica a sus funcionarios de Conagua,\n<em>\u201cel derecho humano al agua\n tiene prioridad sobre las dem\u00e1s actividades\u201d<\/em>,\n y en segundo lugar, con esta acci\u00f3n se refleja la buena voluntad del Ejecutivo Federal con el Gobierno de Nuevo Le\u00f3n.<br><\/p>\n\n\n\n<p>Cabe recordar que el propio Gobernador le ofreci\u00f3 al\n Presidente Obrador, a nombre de los neoloneses una colaboraci\u00f3n absoluta, siempre y cuando sea mutua la corresponsabilidad, por lo que con esta firma queda demostrada tal reciprocidad.<br><\/p>\n\n\n\n<p>Ahora bien, \u00bfqu\u00e9 significa o por qu\u00e9 un proyecto de esta\n magnitud?.<br><\/p>\n\n\n\n<p>Para Monterrey el agua es un tema imprescindible por\n su demograf\u00eda y geograf\u00eda, es as\u00ed que debemos tener en cuenta que las presas y sus ensambles, permiten entre muchas cosas m\u00e1s, poder tener reservas de agua, lo que proporcionar\u00e1 certeza al estado en momentos de escasez de agua acrecentando los recursos h\u00eddricos\n renovables, adem\u00e1s de que con una estructura de este tama\u00f1o es posible generar energ\u00eda hidroel\u00e9ctrica, que ser\u00e1 de gran utilidad para diversos municipios como a la capital, se brindar\u00e1 protecci\u00f3n en la medida de las posibilidades de grandes precipitaciones,\n nos ayudar\u00e1 a distribuir su consumo humano, as\u00ed como para el industrial, que es una parte importante en la capital, tendr\u00e1 un gran uso agr\u00edcola regulando y garantizando el riego, asimismo nos ayudar\u00e1 para el turismo y esparcimiento, fomentar la piscicultura\n y la navegaci\u00f3n, en temas de protecci\u00f3n civil, con la presa podemos tener protecci\u00f3n de m\u00e1rgenes y contenci\u00f3n de aluviones, adem\u00e1s de hacer habitables llanuras que antes no lo eran, es as\u00ed que una presa, para cualquier comunidad es de incuantificable valor.<br><\/p>\n\n\n\n<p>Por otro lado, la manera en que se llevar\u00e1 a cabo el\n proyecto ser\u00e1 de forma multianual hasta el 2021, es decir, en cada a\u00f1o habr\u00e1 recursos etiquetados para desarrollar las obras, haci\u00e9ndose por partes iguales entre el estado y la federaci\u00f3n; por lo que despu\u00e9s de la firma y los trabajos t\u00e9cnicos, as\u00ed como los\n estudios de la tierra y de impacto ambiental, los trabajos para la presa, comenzar\u00e1n en el segundo semestre del a\u00f1o en curso.<br><\/p>\n\n\n\n<p>Cabe recordar, que durante la pasada administraci\u00f3n federal\n no se lograba nada, el trabajo que el estado realizaba para conseguir los recursos necesarios era constante y totalmente justificado, sin embargo, durante ese sexenio el trato Nuevo Le\u00f3n-Presidencia fue muy tortuoso, nos fueron quitando presupuesto en la mayor\u00eda\n de los rubros, por ejemplo en salud, infraestructura, en apoyos para gasto corriente, o para la misma presa nunca nos dieron el apoyo necesario, entre otros temas m\u00e1s, por lo que fue directo el castigo hacia el estado por haber votado por un gobierno independiente\n y hasta la fecha, son notorias las acciones de la pasada presidencia de la Rep\u00fablica y no lo digo yo, ah\u00ed est\u00e1n los n\u00fameros que son irrefutables, es entonces que con el nuevo gobierno, sin lugar a dudas, ha tenido que ver para que estos proyectos avancen,\n ya que es notoria la nueva disposici\u00f3n o actitud de no estrangular a los gobiernos independientes, por lo que solo nos esperar a mayo para que lleguen los recursos para comenzar esta gran obra.<br><\/p>\n\n\n\n<p>Debo mencionar, que estas negociaciones implicaron m\u00e1s\n de tres a\u00f1os de trabajo, que aunque como se mencion\u00f3, en el sexenio pasado nos ten\u00edan castigados de una manera vil y me atrevo a decir inmadura y poco profesional, realizamos todas reuniones, explicaciones, proyectos y an\u00e1lisis de viabilidad adecuados, para\n poder exponer la necesidad de una proyecto de este calado y los beneficios que todo el estado obtendr\u00eda, dichas negociaciones se avivaron previas a la nueva administraci\u00f3n federal, as\u00ed como desde la LXIII Legislatura del Congreso Federal, dentro del an\u00e1lisis\n y solicitudes del PEF correspondiente, cerrando con el entrante sexenio, que sin duda fue un gran aliado para poder cerrar dichos acuerdos.\n<br><\/p>\n\n\n\n<p>Por lo anterior, concluyo diciendo que el proyecto de\n la presa \u201cLibertad\u201d, es sin duda, una muestra del trabajo arduo, de trabajo constante, de negociaciones certeras y oportunas, de responsabilidad sustentable, de una gesti\u00f3n de recursos, que inminentemente sin ellos, hoy no podr\u00eda haberse consolidado esta gran\n acci\u00f3n, por lo que hoy podemos decir con mucho orgullo que <strong><em>\u00a1La\n presa est\u00e1 libre!<\/em><\/strong><br><\/p>\n","protected":false},"excerpt":{"rendered":"<p>\u00a1Dentro de los principales proyectos de infraestructura que puede tener cualquier estado, son sin duda los relativos al tema del agua. Desde su acumulaci\u00f3n, distribuci\u00f3n, traslado y su destino final, ya sea p\u00fablico o privado. Por lo que cada a\u00f1o, se demuestra la capacidad de los servidores p\u00fablicos, para poder solicitar, negociar y obtener los [&hellip;]<\/p>\n","protected":false},"author":1,"featured_media":1047,"comment_status":"open","ping_status":"open","sticky":true,"template":"","format":"standard","meta":{"footnotes":""},"categories":[12],"tags":[],"_links":{"self":[{"href":"https:\/\/diariodigitalmx.com\/index.php\/wp-json\/wp\/v2\/posts\/2075"}],"collection":[{"href":"https:\/\/diariodigitalmx.com\/index.php\/wp-json\/wp\/v2\/posts"}],"about":[{"href":"https:\/\/diariodigitalmx.com\/index.php\/wp-json\/wp\/v2\/types\/post"}],"author":[{"embeddable":true,"href":"https:\/\/diariodigitalmx.com\/index.php\/wp-json\/wp\/v2\/users\/1"}],"replies":[{"embeddable":true,"href":"https:\/\/diariodigitalmx.com\/index.php\/wp-json\/wp\/v2\/comments?post=2075"}],"version-history":[{"count":1,"href":"https:\/\/diariodigitalmx.com\/index.php\/wp-json\/wp\/v2\/posts\/2075\/revisions"}],"predecessor-version":[{"id":2076,"href":"https:\/\/diariodigitalmx.com\/index.php\/wp-json\/wp\/v2\/posts\/2075\/revisions\/2076"}],"wp:featuredmedia":[{"embeddable":true,"href":"https:\/\/diariodigitalmx.com\/index.php\/wp-json\/wp\/v2\/media\/1047"}],"wp:attachment":[{"href":"https:\/\/diariodigitalmx.com\/index.php\/wp-json\/wp\/v2\/media?parent=2075"}],"wp:term":[{"taxonomy":"category","embeddable":true,"href":"https:\/\/diariodigitalmx.com\/index.php\/wp-json\/wp\/v2\/categories?post=2075"},{"taxonomy":"post_tag","embeddable":true,"href":"https:\/\/diariodigitalmx.com\/index.php\/wp-json\/wp\/v2\/tags?post=2075"}],"curies":[{"name":"wp","href":"https:\/\/api.w.org\/{rel}","templated":true}]}}