{"id":2105,"date":"2019-04-09T10:50:12","date_gmt":"2019-04-09T15:50:12","guid":{"rendered":"http:\/\/diariodigitalmx.com\/?p=2105"},"modified":"2019-04-09T10:50:14","modified_gmt":"2019-04-09T15:50:14","slug":"lleva-alcaldesa-de-escobedo-n-l-modelo-de-seguridad-a-yucatan-y-municipios-del-sur","status":"publish","type":"post","link":"https:\/\/diariodigitalmx.com\/index.php\/2019\/04\/09\/lleva-alcaldesa-de-escobedo-n-l-modelo-de-seguridad-a-yucatan-y-municipios-del-sur\/","title":{"rendered":"Lleva alcaldesa de Escobedo N L, modelo de seguridad a Yucat\u00e1n y municipios del sur"},"content":{"rendered":"\n<p>David Casas<\/p>\n\n\n\n<figure class=\"wp-block-image\"><img loading=\"lazy\" decoding=\"async\" width=\"1024\" height=\"682\" src=\"http:\/\/diariodigitalmx.com\/wp-content\/uploads\/2019\/04\/e72ea00b-e72b-4bec-88cb-bace63c9239c-1024x682.jpg\" alt=\"\" class=\"wp-image-2107\" srcset=\"https:\/\/diariodigitalmx.com\/wp-content\/uploads\/2019\/04\/e72ea00b-e72b-4bec-88cb-bace63c9239c-1024x682.jpg 1024w, https:\/\/diariodigitalmx.com\/wp-content\/uploads\/2019\/04\/e72ea00b-e72b-4bec-88cb-bace63c9239c-300x200.jpg 300w, https:\/\/diariodigitalmx.com\/wp-content\/uploads\/2019\/04\/e72ea00b-e72b-4bec-88cb-bace63c9239c-768x512.jpg 768w, https:\/\/diariodigitalmx.com\/wp-content\/uploads\/2019\/04\/e72ea00b-e72b-4bec-88cb-bace63c9239c.jpg 1280w\" sizes=\"(max-width: 1024px) 100vw, 1024px\" \/><\/figure>\n\n\n\n<p>M\u00e9rida, Yucat\u00e1n-&nbsp; Para\ncrear pol\u00edticas p\u00fablicas en materia de seguridad, replicar iniciativas de\nprevenci\u00f3n y redefinir las labores de la polic\u00eda local, acciones que ya se\nrealizaron en Escobedo,&nbsp; se efectu\u00f3 la\nprimera Sesi\u00f3n Regional Sureste, en M\u00e9rida, Yucat\u00e1n, a cargo de la Alcaldesa\nClara Luz Flores Carrales, como parte de los trabajos de la Conferencia\nNacional de Seguridad P\u00fablica Municipal (CNSPM).<\/p>\n\n\n\n<p>Junto a Ediles de la zona y autoridades estatales, la\ntambi\u00e9n Presidenta de la Conferencia se\u00f1al\u00f3 que en esta sesi\u00f3n \u2013de cinco que se\ntienen contempladas- se busca una coordinaci\u00f3n para fortalecer las estrategias\nde seguridad municipales.<\/p>\n\n\n\n<p>\u201cQueremos lograr una Conferencia fortalecida, que permita\nfortalecer los gobiernos locales en materia de seguridad entendiendo que el\nconflicto de seguridad en el Pa\u00eds tiene mucho que ver con la problem\u00e1tica local\nde las presidencias municipales\u201d, dijo Flores Carrales en la reuni\u00f3n, realizada\nen Sal\u00f3n de Cabildos de M\u00e9rida. <\/p>\n\n\n\n<p>\u201cEstamos buscando aportar, consolidar y fortalecer en\nmateria de seguridad\u201d.<\/p>\n\n\n\n<p>La Edil refiri\u00f3 que, al igual como se ofrecer\u00e1n los planes\nde prevenci\u00f3n que ha implementado M\u00e9rida, se compartir\u00e1 con los Mun\u00edcipes el\nmodelo de Seguridad de Escobedo, el cual se ha destacado como un ejemplo\nnacional. <\/p>\n\n\n\n<p>En la sesi\u00f3n estuvieron presentes los Alcaldes de M\u00e9rida,\nCampeche, Ciudad del Carmen, Tapachula, Tonal\u00e1, Tuxtepec, Oaxaca, Oth\u00f3n P.\nBlanco, Solidaridad, Emiliano Zapata, Teapa, P\u00e1nuco, Xalapa y Progreso.<\/p>\n\n\n\n<p>La Alcaldesa indic\u00f3 que cada municipio se ver\u00e1 beneficiado con\nplanes de seguridad innovadores y de resultados.<\/p>\n\n\n\n<p>&nbsp;\u201cLa sesi\u00f3n va a traer\nbeneficios para nuestros gobernados, porque vamos a salir fortalecidos no s\u00f3lo\nde la aportaci\u00f3n de nuestras necesidades, sino tambi\u00e9n de la interacci\u00f3n de\npol\u00edticas p\u00fablicas que ya se han implementado y puedan ser transferida a los\notros.<\/p>\n\n\n\n<p>\u201cEntonces, as\u00ed poder consolidar mejores condiciones de\nseguridad para nuestros gobernados\u201d.<\/p>\n\n\n\n<p>El titular del Centro Nacional de Prevenci\u00f3n del Delito y\nParticipaci\u00f3n Ciudadana, Luis Garc\u00eda L\u00f3pez Guerrero, mencion\u00f3 que es importante\nestablecer una estrategia de seguridad nacional, la cual se busca a trav\u00e9s de\ndiferentes acciones como estas reuniones con los alcaldes del Pa\u00eds.<\/p>\n","protected":false},"excerpt":{"rendered":"<p>David Casas M\u00e9rida, Yucat\u00e1n-&nbsp; Para crear pol\u00edticas p\u00fablicas en materia de seguridad, replicar iniciativas de prevenci\u00f3n y redefinir las labores de la polic\u00eda local, acciones que ya se realizaron en Escobedo,&nbsp; se efectu\u00f3 la primera Sesi\u00f3n Regional Sureste, en M\u00e9rida, Yucat\u00e1n, a cargo de la Alcaldesa Clara Luz Flores Carrales, como parte de los trabajos [&hellip;]<\/p>\n","protected":false},"author":1,"featured_media":2106,"comment_status":"open","ping_status":"open","sticky":true,"template":"","format":"standard","meta":{"footnotes":""},"categories":[6,3],"tags":[],"_links":{"self":[{"href":"https:\/\/diariodigitalmx.com\/index.php\/wp-json\/wp\/v2\/posts\/2105"}],"collection":[{"href":"https:\/\/diariodigitalmx.com\/index.php\/wp-json\/wp\/v2\/posts"}],"about":[{"href":"https:\/\/diariodigitalmx.com\/index.php\/wp-json\/wp\/v2\/types\/post"}],"author":[{"embeddable":true,"href":"https:\/\/diariodigitalmx.com\/index.php\/wp-json\/wp\/v2\/users\/1"}],"replies":[{"embeddable":true,"href":"https:\/\/diariodigitalmx.com\/index.php\/wp-json\/wp\/v2\/comments?post=2105"}],"version-history":[{"count":1,"href":"https:\/\/diariodigitalmx.com\/index.php\/wp-json\/wp\/v2\/posts\/2105\/revisions"}],"predecessor-version":[{"id":2108,"href":"https:\/\/diariodigitalmx.com\/index.php\/wp-json\/wp\/v2\/posts\/2105\/revisions\/2108"}],"wp:featuredmedia":[{"embeddable":true,"href":"https:\/\/diariodigitalmx.com\/index.php\/wp-json\/wp\/v2\/media\/2106"}],"wp:attachment":[{"href":"https:\/\/diariodigitalmx.com\/index.php\/wp-json\/wp\/v2\/media?parent=2105"}],"wp:term":[{"taxonomy":"category","embeddable":true,"href":"https:\/\/diariodigitalmx.com\/index.php\/wp-json\/wp\/v2\/categories?post=2105"},{"taxonomy":"post_tag","embeddable":true,"href":"https:\/\/diariodigitalmx.com\/index.php\/wp-json\/wp\/v2\/tags?post=2105"}],"curies":[{"name":"wp","href":"https:\/\/api.w.org\/{rel}","templated":true}]}}