{"id":2109,"date":"2019-04-09T10:52:23","date_gmt":"2019-04-09T15:52:23","guid":{"rendered":"http:\/\/diariodigitalmx.com\/?p=2109"},"modified":"2019-04-09T10:52:25","modified_gmt":"2019-04-09T15:52:25","slug":"por-cierto-25","status":"publish","type":"post","link":"https:\/\/diariodigitalmx.com\/index.php\/2019\/04\/09\/por-cierto-25\/","title":{"rendered":"Por cierto&#8230;"},"content":{"rendered":"\n<p>\n\n\u00d3scar Tamez Rodr\u00edguez<\/p>\n\n\n\n<p>Que siempre todo fue un choro en la casa de Chente Fox. El comando termin\u00f3 en un gambusino moderno y dos guaruras de una pareja que por la noche utilizar\u00eda las instalaciones foxianas. <\/p>\n\n\n\n<p>Por lo pronto se freg\u00f3 pues ahora tendr\u00e1 a los guardias del gobierno federal notificando, perd\u00f3n, cuidando sus pasos. \u00a1Hacerse el gracioso lw sali\u00f3 caro!&#8230; Do\u00f1a Gordillo ya ense\u00f1\u00f3 la garra, quiere regresar al SNTE, su presencia en la vida magisterial puede contaminar al gobierno de AMLO con el magisterio, la sociedad civil organizada interesada en el tema de la educaci\u00f3n y los partidos pol\u00edticos.<\/p>\n\n\n\n<p> \u00a1Simple, su presencia resta m\u00e1s que sumar!&#8230; Ma\u00f1ana en Colegio Civil de la UANL, a las 18:30 horas, los historiadores de NL conmemoran el centenario luctuoso de Emiliano Zapata con dos conferencias, una de ellas impartida por este opinador y titulada \u201cEl agrarismo en M\u00e9xico, 1910-2010\u201d. \u00a1Ah\u00ed nos saludamos!<\/p>\n\n\n\n<p><br><a rel=\"noreferrer noopener\" href=\"http:\/\/www.estudiospoliticos.mx\/\" target=\"_blank\">www.estudiospoliticos.mx<\/a><\/p>\n\n\n\n<p>@EstudiosMx<\/p>\n\n\n\n<p><a rel=\"noreferrer noopener\" href=\"http:\/\/www.facebook.com\/EstudiosPoliticos.mx\" target=\"_blank\">www.facebook.com\/EstudiosPoliticos.mx<\/a><\/p>\n","protected":false},"excerpt":{"rendered":"<p>\u00d3scar Tamez Rodr\u00edguez Que siempre todo fue un choro en la casa de Chente Fox. El comando termin\u00f3 en un gambusino moderno y dos guaruras de una pareja que por la noche utilizar\u00eda las instalaciones foxianas. Por lo pronto se freg\u00f3 pues ahora tendr\u00e1 a los guardias del gobierno federal notificando, perd\u00f3n, cuidando sus pasos. [&hellip;]<\/p>\n","protected":false},"author":1,"featured_media":1596,"comment_status":"open","ping_status":"open","sticky":true,"template":"","format":"standard","meta":{"footnotes":""},"categories":[12],"tags":[],"_links":{"self":[{"href":"https:\/\/diariodigitalmx.com\/index.php\/wp-json\/wp\/v2\/posts\/2109"}],"collection":[{"href":"https:\/\/diariodigitalmx.com\/index.php\/wp-json\/wp\/v2\/posts"}],"about":[{"href":"https:\/\/diariodigitalmx.com\/index.php\/wp-json\/wp\/v2\/types\/post"}],"author":[{"embeddable":true,"href":"https:\/\/diariodigitalmx.com\/index.php\/wp-json\/wp\/v2\/users\/1"}],"replies":[{"embeddable":true,"href":"https:\/\/diariodigitalmx.com\/index.php\/wp-json\/wp\/v2\/comments?post=2109"}],"version-history":[{"count":1,"href":"https:\/\/diariodigitalmx.com\/index.php\/wp-json\/wp\/v2\/posts\/2109\/revisions"}],"predecessor-version":[{"id":2110,"href":"https:\/\/diariodigitalmx.com\/index.php\/wp-json\/wp\/v2\/posts\/2109\/revisions\/2110"}],"wp:featuredmedia":[{"embeddable":true,"href":"https:\/\/diariodigitalmx.com\/index.php\/wp-json\/wp\/v2\/media\/1596"}],"wp:attachment":[{"href":"https:\/\/diariodigitalmx.com\/index.php\/wp-json\/wp\/v2\/media?parent=2109"}],"wp:term":[{"taxonomy":"category","embeddable":true,"href":"https:\/\/diariodigitalmx.com\/index.php\/wp-json\/wp\/v2\/categories?post=2109"},{"taxonomy":"post_tag","embeddable":true,"href":"https:\/\/diariodigitalmx.com\/index.php\/wp-json\/wp\/v2\/tags?post=2109"}],"curies":[{"name":"wp","href":"https:\/\/api.w.org\/{rel}","templated":true}]}}