{"id":2130,"date":"2019-04-09T17:10:12","date_gmt":"2019-04-09T22:10:12","guid":{"rendered":"http:\/\/diariodigitalmx.com\/?p=2130"},"modified":"2019-04-09T17:10:13","modified_gmt":"2019-04-09T22:10:13","slug":"presenta-cee-libros-sobre-derecho-electoral","status":"publish","type":"post","link":"https:\/\/diariodigitalmx.com\/index.php\/2019\/04\/09\/presenta-cee-libros-sobre-derecho-electoral\/","title":{"rendered":"Presenta CEE libros sobre derecho electoral"},"content":{"rendered":"\n<p>La Comisi\u00f3n Estatal Electoral present\u00f3 los libros \u201cEstudios Electorales\u201d y \u201cEl Derecho Electoral en el Federalismo Mexicano\u201d, del autor C\u00e9sar Astudillo, Investigador del Instituto de Investigaciones Jur\u00eddicas de la Universidad Nacional Aut\u00f3noma de M\u00e9xico, este 09 de abril, en las instalaciones del organismo.<\/p>\n\n\n\n<ul class=\"wp-block-gallery columns-3 is-cropped wp-block-gallery-1 is-layout-flex wp-block-gallery-is-layout-flex\"><li class=\"blocks-gallery-item\"><figure><img loading=\"lazy\" decoding=\"async\" width=\"1024\" height=\"683\" src=\"http:\/\/diariodigitalmx.com\/wp-content\/uploads\/2019\/04\/IMG_8431-1024x683.jpg\" alt=\"\" data-id=\"2132\" data-link=\"http:\/\/diariodigitalmx.com\/?attachment_id=2132\" class=\"wp-image-2132\" srcset=\"https:\/\/diariodigitalmx.com\/wp-content\/uploads\/2019\/04\/IMG_8431-1024x683.jpg 1024w, https:\/\/diariodigitalmx.com\/wp-content\/uploads\/2019\/04\/IMG_8431-300x200.jpg 300w, https:\/\/diariodigitalmx.com\/wp-content\/uploads\/2019\/04\/IMG_8431-768x512.jpg 768w\" sizes=\"(max-width: 1024px) 100vw, 1024px\" \/><\/figure><\/li><li class=\"blocks-gallery-item\"><figure><img loading=\"lazy\" decoding=\"async\" width=\"1024\" height=\"683\" src=\"http:\/\/diariodigitalmx.com\/wp-content\/uploads\/2019\/04\/IMG_8480-1024x683.jpg\" alt=\"\" data-id=\"2133\" data-link=\"http:\/\/diariodigitalmx.com\/?attachment_id=2133\" class=\"wp-image-2133\" srcset=\"https:\/\/diariodigitalmx.com\/wp-content\/uploads\/2019\/04\/IMG_8480-1024x683.jpg 1024w, https:\/\/diariodigitalmx.com\/wp-content\/uploads\/2019\/04\/IMG_8480-300x200.jpg 300w, https:\/\/diariodigitalmx.com\/wp-content\/uploads\/2019\/04\/IMG_8480-768x512.jpg 768w\" sizes=\"(max-width: 1024px) 100vw, 1024px\" \/><\/figure><\/li><li class=\"blocks-gallery-item\"><figure><img loading=\"lazy\" decoding=\"async\" width=\"1024\" height=\"683\" src=\"http:\/\/diariodigitalmx.com\/wp-content\/uploads\/2019\/04\/IMG_8482-1024x683.jpg\" alt=\"\" data-id=\"2134\" data-link=\"http:\/\/diariodigitalmx.com\/?attachment_id=2134\" class=\"wp-image-2134\" srcset=\"https:\/\/diariodigitalmx.com\/wp-content\/uploads\/2019\/04\/IMG_8482-1024x683.jpg 1024w, https:\/\/diariodigitalmx.com\/wp-content\/uploads\/2019\/04\/IMG_8482-300x200.jpg 300w, https:\/\/diariodigitalmx.com\/wp-content\/uploads\/2019\/04\/IMG_8482-768x512.jpg 768w\" sizes=\"(max-width: 1024px) 100vw, 1024px\" \/><\/figure><\/li><li class=\"blocks-gallery-item\"><figure><img loading=\"lazy\" decoding=\"async\" width=\"1024\" height=\"683\" src=\"http:\/\/diariodigitalmx.com\/wp-content\/uploads\/2019\/04\/IMG_8484-1024x683.jpg\" alt=\"\" data-id=\"2135\" data-link=\"http:\/\/diariodigitalmx.com\/?attachment_id=2135\" class=\"wp-image-2135\" srcset=\"https:\/\/diariodigitalmx.com\/wp-content\/uploads\/2019\/04\/IMG_8484-1024x683.jpg 1024w, https:\/\/diariodigitalmx.com\/wp-content\/uploads\/2019\/04\/IMG_8484-300x200.jpg 300w, https:\/\/diariodigitalmx.com\/wp-content\/uploads\/2019\/04\/IMG_8484-768x512.jpg 768w\" sizes=\"(max-width: 1024px) 100vw, 1024px\" \/><\/figure><\/li><\/ul>\n\n\n\n<p>El Consejero Presidente de la CEE, Mario Alberto Garza Castillo, particip\u00f3 como moderador del evento, y celebr\u00f3 la realizaci\u00f3n de las exposiciones.<\/p>\n\n\n\n<p>\u201cCon este evento tratamos de construir y cumplir con el compromiso que tiene la Comisi\u00f3n Estatal Electoral de hacer una difusi\u00f3n permanente de la cultura c\u00edvica, a trav\u00e9s de la discusi\u00f3n acad\u00e9mica\u201d, indic\u00f3.<\/p>\n\n\n\n<p>En la primera parte del acontecimiento, la Consejera Electoral de la CEE, Miriam Hinojosa Dieck; y la Magistrada de la Sala Regional Monterrey del Tribunal Electoral del Poder Judicial de la Federaci\u00f3n, Claudia Valle Aguilasocho, comentaron el libro: \u201cEl Derecho Electoral en el federalismo mexicano\u201d.<\/p>\n\n\n\n<p>Hinojosa Dieck se\u00f1al\u00f3 que el texto, editado para conmemorar el centenario de la Constituci\u00f3n mexicana, hace un interesante recorrido por la historia de la materia electoral, a trav\u00e9s del \u00e1ngulo pol\u00edtico que presenta el autor.<\/p>\n\n\n\n<p>\u201cEl libro aborda desde much\u00edsimos \u00e1ngulos el tema central que es el federalismo electoral, el haber sido hecho por un solo acad\u00e9mico habla por supuesto de su erudici\u00f3n; tiene la belleza de lo que est\u00e1 tejido por unas mismas manos, manteniendo solidez de estilo y un hilo conductor que nunca son quebrantados, estamos pues, ante una obra de gran calidad\u201d, manifest\u00f3.<\/p>\n\n\n\n<p>Por su parte, Valle Aguilasocho, consider\u00f3 que el texto a<\/p>\n","protected":false},"excerpt":{"rendered":"<p>La Comisi\u00f3n Estatal Electoral present\u00f3 los libros \u201cEstudios Electorales\u201d y \u201cEl Derecho Electoral en el Federalismo Mexicano\u201d, del autor C\u00e9sar Astudillo, Investigador del Instituto de Investigaciones Jur\u00eddicas de la Universidad Nacional Aut\u00f3noma de M\u00e9xico, este 09 de abril, en las instalaciones del organismo. El Consejero Presidente de la CEE, Mario Alberto Garza Castillo, particip\u00f3 como [&hellip;]<\/p>\n","protected":false},"author":1,"featured_media":2131,"comment_status":"open","ping_status":"open","sticky":true,"template":"","format":"standard","meta":{"footnotes":""},"categories":[6],"tags":[],"_links":{"self":[{"href":"https:\/\/diariodigitalmx.com\/index.php\/wp-json\/wp\/v2\/posts\/2130"}],"collection":[{"href":"https:\/\/diariodigitalmx.com\/index.php\/wp-json\/wp\/v2\/posts"}],"about":[{"href":"https:\/\/diariodigitalmx.com\/index.php\/wp-json\/wp\/v2\/types\/post"}],"author":[{"embeddable":true,"href":"https:\/\/diariodigitalmx.com\/index.php\/wp-json\/wp\/v2\/users\/1"}],"replies":[{"embeddable":true,"href":"https:\/\/diariodigitalmx.com\/index.php\/wp-json\/wp\/v2\/comments?post=2130"}],"version-history":[{"count":1,"href":"https:\/\/diariodigitalmx.com\/index.php\/wp-json\/wp\/v2\/posts\/2130\/revisions"}],"predecessor-version":[{"id":2136,"href":"https:\/\/diariodigitalmx.com\/index.php\/wp-json\/wp\/v2\/posts\/2130\/revisions\/2136"}],"wp:featuredmedia":[{"embeddable":true,"href":"https:\/\/diariodigitalmx.com\/index.php\/wp-json\/wp\/v2\/media\/2131"}],"wp:attachment":[{"href":"https:\/\/diariodigitalmx.com\/index.php\/wp-json\/wp\/v2\/media?parent=2130"}],"wp:term":[{"taxonomy":"category","embeddable":true,"href":"https:\/\/diariodigitalmx.com\/index.php\/wp-json\/wp\/v2\/categories?post=2130"},{"taxonomy":"post_tag","embeddable":true,"href":"https:\/\/diariodigitalmx.com\/index.php\/wp-json\/wp\/v2\/tags?post=2130"}],"curies":[{"name":"wp","href":"https:\/\/api.w.org\/{rel}","templated":true}]}}