{"id":21319,"date":"2020-01-27T15:32:42","date_gmt":"2020-01-27T21:32:42","guid":{"rendered":"http:\/\/diariodigitalmx.com\/?p=21319"},"modified":"2020-01-27T15:33:50","modified_gmt":"2020-01-27T21:33:50","slug":"dice-presidente-amlo-que-no-hay-linea-en-morena","status":"publish","type":"post","link":"https:\/\/diariodigitalmx.com\/index.php\/2020\/01\/27\/dice-presidente-amlo-que-no-hay-linea-en-morena\/","title":{"rendered":"Dice Presidente AMLO que no hay l\u00ednea en MORENA"},"content":{"rendered":"\n<p>El presidente Andr\u00e9s Manuel L\u00f3pez Obrador se neg\u00f3 a dar un posicionamiento por las diferencias que existen en el partido Movimiento de Regeneraci\u00f3n Nacional (Morena), instituto pol\u00edtico que \u00e9l fund\u00f3.<\/p>\n\n\n\n<p>\u201cNada, silencio, no me corresponde, no tengo porque participar en eso, deseo a todos los partidos que resuelvan sus diferencias por la democracia. Antes el presidente era el jefe pol\u00edtico que lo llevaba a la Presidencia y \u00e9l decid\u00eda, ahora ya no\u201d, expres\u00f3 en su&nbsp;conferencia de prensa matutina.<\/p>\n\n\n\n<p>De acuerdo con el titular del Ejecutivo, la vida interna del Morena corresponde solo a su militancia. Asegur\u00f3 que sigue en el partido, pero tiene licencia, pues dijo que ahora representa todos los mexicanos.<\/p>\n\n\n\n<p>Indic\u00f3 que el presidente de M\u00e9xico ya no da l\u00ednea a los partidos, \u201cla l\u00ednea es que ya no hay l\u00ednea\u201d.<\/p>\n","protected":false},"excerpt":{"rendered":"<p>El presidente Andr\u00e9s Manuel L\u00f3pez Obrador se neg\u00f3 a dar un posicionamiento por las diferencias que existen en el partido Movimiento de Regeneraci\u00f3n Nacional (Morena), instituto pol\u00edtico que \u00e9l fund\u00f3. \u201cNada, silencio, no me corresponde, no tengo porque participar en eso, deseo a todos los partidos que resuelvan sus diferencias por la democracia. Antes el [&hellip;]<\/p>\n","protected":false},"author":1,"featured_media":21322,"comment_status":"open","ping_status":"open","sticky":true,"template":"","format":"standard","meta":{"footnotes":""},"categories":[2,5],"tags":[],"_links":{"self":[{"href":"https:\/\/diariodigitalmx.com\/index.php\/wp-json\/wp\/v2\/posts\/21319"}],"collection":[{"href":"https:\/\/diariodigitalmx.com\/index.php\/wp-json\/wp\/v2\/posts"}],"about":[{"href":"https:\/\/diariodigitalmx.com\/index.php\/wp-json\/wp\/v2\/types\/post"}],"author":[{"embeddable":true,"href":"https:\/\/diariodigitalmx.com\/index.php\/wp-json\/wp\/v2\/users\/1"}],"replies":[{"embeddable":true,"href":"https:\/\/diariodigitalmx.com\/index.php\/wp-json\/wp\/v2\/comments?post=21319"}],"version-history":[{"count":1,"href":"https:\/\/diariodigitalmx.com\/index.php\/wp-json\/wp\/v2\/posts\/21319\/revisions"}],"predecessor-version":[{"id":21320,"href":"https:\/\/diariodigitalmx.com\/index.php\/wp-json\/wp\/v2\/posts\/21319\/revisions\/21320"}],"wp:featuredmedia":[{"embeddable":true,"href":"https:\/\/diariodigitalmx.com\/index.php\/wp-json\/wp\/v2\/media\/21322"}],"wp:attachment":[{"href":"https:\/\/diariodigitalmx.com\/index.php\/wp-json\/wp\/v2\/media?parent=21319"}],"wp:term":[{"taxonomy":"category","embeddable":true,"href":"https:\/\/diariodigitalmx.com\/index.php\/wp-json\/wp\/v2\/categories?post=21319"},{"taxonomy":"post_tag","embeddable":true,"href":"https:\/\/diariodigitalmx.com\/index.php\/wp-json\/wp\/v2\/tags?post=21319"}],"curies":[{"name":"wp","href":"https:\/\/api.w.org\/{rel}","templated":true}]}}