{"id":2151,"date":"2019-04-10T10:06:02","date_gmt":"2019-04-10T15:06:02","guid":{"rendered":"http:\/\/diariodigitalmx.com\/?p=2151"},"modified":"2019-04-10T10:06:04","modified_gmt":"2019-04-10T15:06:04","slug":"el-comandante-candido","status":"publish","type":"post","link":"https:\/\/diariodigitalmx.com\/index.php\/2019\/04\/10\/el-comandante-candido\/","title":{"rendered":"El Comandante C\u00e1ndido\u2026"},"content":{"rendered":"\n<p>Por Salvador Hern\u00e1ndez LANDEROS<\/p>\n\n\n\n<ul class=\"wp-block-gallery columns-2 is-cropped wp-block-gallery-1 is-layout-flex wp-block-gallery-is-layout-flex\"><li class=\"blocks-gallery-item\"><figure><img loading=\"lazy\" decoding=\"async\" width=\"383\" height=\"595\" src=\"http:\/\/diariodigitalmx.com\/wp-content\/uploads\/2019\/04\/candido-2.jpg\" alt=\"\" data-id=\"2152\" data-link=\"http:\/\/diariodigitalmx.com\/?attachment_id=2152\" class=\"wp-image-2152\" srcset=\"https:\/\/diariodigitalmx.com\/wp-content\/uploads\/2019\/04\/candido-2.jpg 383w, https:\/\/diariodigitalmx.com\/wp-content\/uploads\/2019\/04\/candido-2-193x300.jpg 193w\" sizes=\"(max-width: 383px) 100vw, 383px\" \/><\/figure><\/li><li class=\"blocks-gallery-item\"><figure><img loading=\"lazy\" decoding=\"async\" width=\"384\" height=\"619\" src=\"http:\/\/diariodigitalmx.com\/wp-content\/uploads\/2019\/04\/candido.jpg\" alt=\"\" data-id=\"2153\" data-link=\"http:\/\/diariodigitalmx.com\/?attachment_id=2153\" class=\"wp-image-2153\" srcset=\"https:\/\/diariodigitalmx.com\/wp-content\/uploads\/2019\/04\/candido.jpg 384w, https:\/\/diariodigitalmx.com\/wp-content\/uploads\/2019\/04\/candido-186x300.jpg 186w\" sizes=\"(max-width: 384px) 100vw, 384px\" \/><\/figure><\/li><\/ul>\n\n\n\n<p><br> C\u00e1ndido Garc\u00eda Gayt\u00e1n fue un Comandante \u201cde mucho peso\u201d en la extinta Polic\u00eda Judicial del Estado.<br> <\/p>\n\n\n\n<p>Fue polic\u00eda uniformado y de los primeros en integrarse a la Polic\u00eda Preventiva Investigadora.<\/p>\n\n\n\n<p><br> De all\u00ed pas\u00f3 a ser Agente del Servicio Secreto, corporaci\u00f3n que despu\u00e9s se conocer\u00eda como la temida Polic\u00eda Judicial del Estado\u2026<br> <\/p>\n\n\n\n<p>Se retir\u00f3 como Primer Comandante de la Secci\u00f3n de Robos en la d\u00e9cada de los 90as<br> <\/p>\n\n\n\n<p>Quienes conocimos al Comandante C\u00e1ndido, sab\u00edamos lo que en verdad pesaba para la soluci\u00f3n de los robos.<br><\/p>\n\n\n\n<p> Exigente, sagaz, picudo como todos los Comandantes de esa \u00e9poca en el Servicio Secreto, corporaci\u00f3n investigadora que inici\u00f3 sus funciones en 1957.<\/p>\n\n\n\n<p><br> La Polic\u00eda Secreta desapareci\u00f3 en 1967 para convertirse en la Polic\u00eda Judicial y actualmente Polic\u00eda Ministerial, llamada as\u00ed desde 1998<\/p>\n\n\n\n<p><br> Creo que yo corr\u00ed con suerte. Me lo gan\u00e9, le ca\u00ed bien y el Jefe C\u00e1ndido me brind\u00f3 su confianza.<\/p>\n\n\n\n<p><br> Con \u00e9l y con los dem\u00e1s Comandantes y la mayor\u00eda de los agentes comprob\u00e9 lo que un d\u00eda, en 1970, me dijo Don Ram\u00f3n Pedroza Langarica, mi primer director en el M\u00e1s Noticias y despu\u00e9s en El Diario de Monterrey y Extra, Diario de la Tarde.<\/p>\n\n\n\n<p><br> Salvador, me dijo: \u201cUn periodista policiaco se forma con el respeto a la labor policial y el cultivo diario de la confianza; el que no traiciona la amistad de los polic\u00edas, el que cuida y protege a sus fuentes\u201d.<\/p>\n\n\n\n<p><br> Un consejo que siempre he agradecido y llevado en mi mente y hasta en mi coraz\u00f3n. \u00a1Gracias Don Ram\u00f3n!<\/p>\n\n\n\n<p><br> Regreso con mi Comandante C\u00e1ndido Garc\u00eda, hombre tosco, pero con un coraz\u00f3n noble. Me entreg\u00f3 su amistad y hasta la broma me permiti\u00f3.<br> Un d\u00eda, muy atrevido le dije: \u201cEs falso Comandante que digan que usted tortura a los detenidos para hacerlos confesar\u201d.<\/p>\n\n\n\n<p><br> Se me qued\u00f3 viendo y muy serio me contest\u00f3\u2026 \u201cEn eso tienes raz\u00f3n, pero dime quien te lo ha dicho\u201d.<\/p>\n\n\n\n<p><br> Sonriendo le dije: \u201c\u00a1Los mismos ladrones detenidos mi Comandante!\u201d.<br> \u201cEllos dicen que le piden a usted que los cachetee, que los lleve al agua, que los golpee para aventar la sopa\u201d, pero eso s\u00ed, \u00a1Que no les caiga encima!\u2026<\/p>\n\n\n\n<p><br> Solt\u00f3 la carcajada y me dijo: \u201cMuchacho brib\u00f3n, ya me madreaste\u201d.<br> Haber, dirigi\u00e9ndose a sus agentes les dijo, \u201cag\u00e1rrenmelo para subirme encima de este carajo\u201d.<\/p>\n\n\n\n<p><br> Las fotos que adjunto, las he conservado con mucha estima y ellas muestran la forma en que me permit\u00eda jugar con \u00e9l, pero nunca, ninguno de los dos, brincamos esa delgada l\u00ednea del respeto hacia nuestro oficio.<\/p>\n\n\n\n<p><br> Con el transcurso de los a\u00f1os, nuestra amistad la continuamos al reunirnos los s\u00e1bados a mediod\u00eda en el Restaurante AL, hasta el d\u00eda en que se nos adelant\u00f3, cumpliendo en este mes cinco a\u00f1os de su partida.<\/p>\n\n\n\n<p><br> Desde aqu\u00ed hasta all\u00e1, muchas gracias m\u00ed Comandante C\u00e1ndido Garc\u00eda.<\/p>\n\n\n\n<p><br> chavalolanderos@yahoo.com.mx<\/p>\n","protected":false},"excerpt":{"rendered":"<p>Por Salvador Hern\u00e1ndez LANDEROS C\u00e1ndido Garc\u00eda Gayt\u00e1n fue un Comandante \u201cde mucho peso\u201d en la extinta Polic\u00eda Judicial del Estado. Fue polic\u00eda uniformado y de los primeros en integrarse a la Polic\u00eda Preventiva Investigadora. De all\u00ed pas\u00f3 a ser Agente del Servicio Secreto, corporaci\u00f3n que despu\u00e9s se conocer\u00eda como la temida Polic\u00eda Judicial del Estado\u2026 [&hellip;]<\/p>\n","protected":false},"author":1,"featured_media":590,"comment_status":"open","ping_status":"open","sticky":true,"template":"","format":"standard","meta":{"footnotes":""},"categories":[12],"tags":[],"_links":{"self":[{"href":"https:\/\/diariodigitalmx.com\/index.php\/wp-json\/wp\/v2\/posts\/2151"}],"collection":[{"href":"https:\/\/diariodigitalmx.com\/index.php\/wp-json\/wp\/v2\/posts"}],"about":[{"href":"https:\/\/diariodigitalmx.com\/index.php\/wp-json\/wp\/v2\/types\/post"}],"author":[{"embeddable":true,"href":"https:\/\/diariodigitalmx.com\/index.php\/wp-json\/wp\/v2\/users\/1"}],"replies":[{"embeddable":true,"href":"https:\/\/diariodigitalmx.com\/index.php\/wp-json\/wp\/v2\/comments?post=2151"}],"version-history":[{"count":1,"href":"https:\/\/diariodigitalmx.com\/index.php\/wp-json\/wp\/v2\/posts\/2151\/revisions"}],"predecessor-version":[{"id":2154,"href":"https:\/\/diariodigitalmx.com\/index.php\/wp-json\/wp\/v2\/posts\/2151\/revisions\/2154"}],"wp:featuredmedia":[{"embeddable":true,"href":"https:\/\/diariodigitalmx.com\/index.php\/wp-json\/wp\/v2\/media\/590"}],"wp:attachment":[{"href":"https:\/\/diariodigitalmx.com\/index.php\/wp-json\/wp\/v2\/media?parent=2151"}],"wp:term":[{"taxonomy":"category","embeddable":true,"href":"https:\/\/diariodigitalmx.com\/index.php\/wp-json\/wp\/v2\/categories?post=2151"},{"taxonomy":"post_tag","embeddable":true,"href":"https:\/\/diariodigitalmx.com\/index.php\/wp-json\/wp\/v2\/tags?post=2151"}],"curies":[{"name":"wp","href":"https:\/\/api.w.org\/{rel}","templated":true}]}}