{"id":2157,"date":"2019-04-10T10:12:24","date_gmt":"2019-04-10T15:12:24","guid":{"rendered":"http:\/\/diariodigitalmx.com\/?p=2157"},"modified":"2019-04-10T10:12:26","modified_gmt":"2019-04-10T15:12:26","slug":"hasta-pronto-basquetbol","status":"publish","type":"post","link":"https:\/\/diariodigitalmx.com\/index.php\/2019\/04\/10\/hasta-pronto-basquetbol\/","title":{"rendered":"HASTA PRONTO B\u00c1SQUETBOL\u2026"},"content":{"rendered":"\n<p> &#8211; Gerardo Gonz\u00e1lez Gonz\u00e1lez \u201cLa Fola\u201d, integrante del equipo de b\u00e1squetbol de 1961, deja con su partida un legado imborrable escrito en la llamada la generaci\u00f3n \u00e9poca dorada del deporte r\u00e1faga regiomontano y es recordado con afecto por sus compa\u00f1eros en el Panathlon Monterrey. <\/p>\n\n\n\n<figure class=\"wp-block-image\"><img loading=\"lazy\" decoding=\"async\" width=\"758\" height=\"974\" src=\"http:\/\/diariodigitalmx.com\/wp-content\/uploads\/2019\/04\/thumbnail_DR-GERARDO-GONZ\u00c1LEZ-GONZ\u00c1LEZ-LA-FOLA.jpg\" alt=\"\" class=\"wp-image-2159\" srcset=\"https:\/\/diariodigitalmx.com\/wp-content\/uploads\/2019\/04\/thumbnail_DR-GERARDO-GONZ\u00c1LEZ-GONZ\u00c1LEZ-LA-FOLA.jpg 758w, https:\/\/diariodigitalmx.com\/wp-content\/uploads\/2019\/04\/thumbnail_DR-GERARDO-GONZ\u00c1LEZ-GONZ\u00c1LEZ-LA-FOLA-233x300.jpg 233w\" sizes=\"(max-width: 758px) 100vw, 758px\" \/><\/figure>\n\n\n\n<p>Por: Ra\u00fal Emigdio Guevara Ortiz.- <\/p>\n\n\n\n<p>\u201cNo camines delante de m\u00ed, pueda que no te siga, no camines detr\u00e1s de m\u00ed, pueda que no te gu\u00ede, camina junto a m\u00ed y s\u00e9 mi amigo siempre\u201d, con esa filosof\u00eda aplicada desde hace m\u00e1s de 58 a\u00f1os con voz entrecortada y los pu\u00f1os cerrados para tomar fuerza y seguir recordando, rinden homenaje sus propios compa\u00f1eros al Dr. Gerardo Gonz\u00e1lez Gonz\u00e1lez, \u201cLa Fola\u201d, fallecido el pasado 5 de abril.<\/p>\n\n\n\n<p>Erguido con la frente cabizbaja y con la vista nublada por la humedad de sus ojos, sosteniendo con sus temblorosas manos el papel donde est\u00e1n inscritos los bellos momentos de una eterna amistad, M\u00e1ximo Salas Espinoza, el famoso \u201cMaco\u201d ante sus compa\u00f1eros integrantes de la bien llamada generaci\u00f3n dorada del b\u00e1squetbol por su gran triunfo en el campeonato nacional de 1961, y ante los integrantes del Panathlon Monterrey recuerda los pasajes vividos a lado de \u201cLa Fola\u201d por muchos a\u00f1os de vida.<\/p>\n\n\n\n<p>\u201cComo olvidar el origen de tu apodo, surgido en una 21 de b\u00e1squet en bachilleres cuando en lugar de decir \u201cp\u00e1same la bola\u201d, dijiste \u201cp\u00e1same la FOLA\u201d, dando origen a tu sobre nombre\u201d comenta el nost\u00e1lgico Maco la ma\u00f1ana de este martes 9 de abril.<\/p>\n\n\n\n<p>\u201cRecuerdo que tu solo prestabas atenci\u00f3n a lo que te llamaba la atenci\u00f3n, pero a ti todo te llamaba tu atenci\u00f3n, una caracter\u00edstica que yo vi en ti desde que me invitaste junto con Carlos Cant\u00fa \u201cEl Ruso\u201d a jugar en la cancha \u201cLa Morena\u201d(colonia Moderna) en un equipo de 4\u00aa. Fuerza donde tuvimos la oportunidad de conocer a nuestro entrenador Jos\u00e9 Nery Santos a Rub\u00e9n Almanza integrante de la selecci\u00f3n mexicana de los Juegos Ol\u00edmpicos de Helsinki Finlandia en 1952, Arturo Escalera, Francisco \u201cMoco\u201d Guti\u00e9rrez, Gilberto \u201cPica\u201d P\u00e9rez, H\u00e9ctor \u201cChiva\u201d Salinas, Jos\u00e9 Luis De Luna, Mario \u201cAbuelo\u201d Pe\u00f1a, H\u00e9ctor Rodr\u00edguez, Tom\u00e1s Rueda y Sergio Villarreal, todos los que integramos la selecci\u00f3n 1961 ganadora del Sub campeonato Nacional de B\u00e1squetbol de 1\u00aa. Fuerza celebrado en Poza Rica Veracruz\u201d, mencion\u00f3 en mensaje Salas Espinoza.<\/p>\n\n\n\n<p>Con un minuto de aplausos encabezados por su Presidente Efr\u00e9n Lerma Santiago, los integrantes del Panathlon Internacional Club Monterrey recordaron al playera n\u00famero 24, al<\/p>\n\n\n\n<p>\u201cGuardi\u00e1n Valiente\u201d, que con gran honor, entrega y pasi\u00f3n defendi\u00f3 los colores de Nuevo Le\u00f3n en uno de los primeros grandes triunfos nacionales del b\u00e1squetbol y en muchos otros m\u00e1s hasta su retiro de las duelas.<\/p>\n\n\n\n<p>\u201cLas amistades hechas en el deporte son siempre muy s\u00f3lidas y duraderas, por eso los integrantes de este grupo que todav\u00eda sobrevivimos y estamos en esta mesa te recordamos como lo que fuiste, un gran amigo\u201d, concluy\u00f3 el \u201cgigante de las duelas\u201d, M\u00e1ximo \u201cMaco\u201d Salas<\/p>\n","protected":false},"excerpt":{"rendered":"<p>&#8211; Gerardo Gonz\u00e1lez Gonz\u00e1lez \u201cLa Fola\u201d, integrante del equipo de b\u00e1squetbol de 1961, deja con su partida un legado imborrable escrito en la llamada la generaci\u00f3n \u00e9poca dorada del deporte r\u00e1faga regiomontano y es recordado con afecto por sus compa\u00f1eros en el Panathlon Monterrey. Por: Ra\u00fal Emigdio Guevara Ortiz.- \u201cNo camines delante de m\u00ed, pueda [&hellip;]<\/p>\n","protected":false},"author":1,"featured_media":2158,"comment_status":"open","ping_status":"open","sticky":true,"template":"","format":"standard","meta":{"footnotes":""},"categories":[8],"tags":[],"_links":{"self":[{"href":"https:\/\/diariodigitalmx.com\/index.php\/wp-json\/wp\/v2\/posts\/2157"}],"collection":[{"href":"https:\/\/diariodigitalmx.com\/index.php\/wp-json\/wp\/v2\/posts"}],"about":[{"href":"https:\/\/diariodigitalmx.com\/index.php\/wp-json\/wp\/v2\/types\/post"}],"author":[{"embeddable":true,"href":"https:\/\/diariodigitalmx.com\/index.php\/wp-json\/wp\/v2\/users\/1"}],"replies":[{"embeddable":true,"href":"https:\/\/diariodigitalmx.com\/index.php\/wp-json\/wp\/v2\/comments?post=2157"}],"version-history":[{"count":1,"href":"https:\/\/diariodigitalmx.com\/index.php\/wp-json\/wp\/v2\/posts\/2157\/revisions"}],"predecessor-version":[{"id":2160,"href":"https:\/\/diariodigitalmx.com\/index.php\/wp-json\/wp\/v2\/posts\/2157\/revisions\/2160"}],"wp:featuredmedia":[{"embeddable":true,"href":"https:\/\/diariodigitalmx.com\/index.php\/wp-json\/wp\/v2\/media\/2158"}],"wp:attachment":[{"href":"https:\/\/diariodigitalmx.com\/index.php\/wp-json\/wp\/v2\/media?parent=2157"}],"wp:term":[{"taxonomy":"category","embeddable":true,"href":"https:\/\/diariodigitalmx.com\/index.php\/wp-json\/wp\/v2\/categories?post=2157"},{"taxonomy":"post_tag","embeddable":true,"href":"https:\/\/diariodigitalmx.com\/index.php\/wp-json\/wp\/v2\/tags?post=2157"}],"curies":[{"name":"wp","href":"https:\/\/api.w.org\/{rel}","templated":true}]}}