{"id":2171,"date":"2019-04-10T16:28:11","date_gmt":"2019-04-10T21:28:11","guid":{"rendered":"http:\/\/diariodigitalmx.com\/?p=2171"},"modified":"2019-04-10T16:28:12","modified_gmt":"2019-04-10T21:28:12","slug":"tomas-boy-nuevo-entrenador-de-chivas","status":"publish","type":"post","link":"https:\/\/diariodigitalmx.com\/index.php\/2019\/04\/10\/tomas-boy-nuevo-entrenador-de-chivas\/","title":{"rendered":"Tom\u00e1s Boy, nuevo entrenador de Chivas"},"content":{"rendered":"\n<p><strong>5<\/strong>Chivas inform\u00f3 que a partir de hoy Tom\u00e1s Boy ser\u00e1 el director t\u00e9cnico del Guadalajara y argument\u00f3\u00a0 que la decisi\u00f3n se tom\u00f3 porque es un hombre que tiene la experiencia de imprimirle ese amor propio a sus planteles para salir al terreno de juego a brindarse al m\u00e1ximo de sus capacidades<\/p>\n\n\n\n<p>\u201cDespu\u00e9s de un lapso de an\u00e1lisis profundo sobre lo que el equipo requiere en este momento para tener ese giro mental y deportivo que nos lleve a repuntar inmediatamente en la clasificaci\u00f3n, el Club Deportivo Guadalajara hace de su conocimiento que Tom\u00e1s Boy es a partir de este d\u00eda el entrenador del primer equipo\u201d, dijo en un comunicado.<\/p>\n\n\n\n<p>Las Chivas conf\u00edan en la capacidad y liderazgo del \u2018Jefe\u2019 Boy para ayudar a que el equipo salga del dif\u00edcil momento en el que se encuentran en el Torneo de Clausura 2019.<\/p>\n","protected":false},"excerpt":{"rendered":"<p>5Chivas inform\u00f3 que a partir de hoy Tom\u00e1s Boy ser\u00e1 el director t\u00e9cnico del Guadalajara y argument\u00f3\u00a0 que la decisi\u00f3n se tom\u00f3 porque es un hombre que tiene la experiencia de imprimirle ese amor propio a sus planteles para salir al terreno de juego a brindarse al m\u00e1ximo de sus capacidades \u201cDespu\u00e9s de un lapso [&hellip;]<\/p>\n","protected":false},"author":1,"featured_media":2172,"comment_status":"open","ping_status":"open","sticky":true,"template":"","format":"standard","meta":{"footnotes":""},"categories":[8],"tags":[],"_links":{"self":[{"href":"https:\/\/diariodigitalmx.com\/index.php\/wp-json\/wp\/v2\/posts\/2171"}],"collection":[{"href":"https:\/\/diariodigitalmx.com\/index.php\/wp-json\/wp\/v2\/posts"}],"about":[{"href":"https:\/\/diariodigitalmx.com\/index.php\/wp-json\/wp\/v2\/types\/post"}],"author":[{"embeddable":true,"href":"https:\/\/diariodigitalmx.com\/index.php\/wp-json\/wp\/v2\/users\/1"}],"replies":[{"embeddable":true,"href":"https:\/\/diariodigitalmx.com\/index.php\/wp-json\/wp\/v2\/comments?post=2171"}],"version-history":[{"count":1,"href":"https:\/\/diariodigitalmx.com\/index.php\/wp-json\/wp\/v2\/posts\/2171\/revisions"}],"predecessor-version":[{"id":2173,"href":"https:\/\/diariodigitalmx.com\/index.php\/wp-json\/wp\/v2\/posts\/2171\/revisions\/2173"}],"wp:featuredmedia":[{"embeddable":true,"href":"https:\/\/diariodigitalmx.com\/index.php\/wp-json\/wp\/v2\/media\/2172"}],"wp:attachment":[{"href":"https:\/\/diariodigitalmx.com\/index.php\/wp-json\/wp\/v2\/media?parent=2171"}],"wp:term":[{"taxonomy":"category","embeddable":true,"href":"https:\/\/diariodigitalmx.com\/index.php\/wp-json\/wp\/v2\/categories?post=2171"},{"taxonomy":"post_tag","embeddable":true,"href":"https:\/\/diariodigitalmx.com\/index.php\/wp-json\/wp\/v2\/tags?post=2171"}],"curies":[{"name":"wp","href":"https:\/\/api.w.org\/{rel}","templated":true}]}}