{"id":2254,"date":"2019-04-12T13:22:08","date_gmt":"2019-04-12T18:22:08","guid":{"rendered":"http:\/\/diariodigitalmx.com\/?p=2254"},"modified":"2019-04-12T13:22:10","modified_gmt":"2019-04-12T18:22:10","slug":"apodaca-tendra-el-macrocentro-dif-mas-grande-y-funcional-de-su-historia","status":"publish","type":"post","link":"https:\/\/diariodigitalmx.com\/index.php\/2019\/04\/12\/apodaca-tendra-el-macrocentro-dif-mas-grande-y-funcional-de-su-historia\/","title":{"rendered":"Apodaca tendr\u00e1 el Macrocentro DIF m\u00e1s grande y funcional de su historia"},"content":{"rendered":"\n<p>En un hecho sin precedentes en el municipio de Apodaca, el alcalde C\u00e9sar Garza Villareal, confirm\u00f3 la inversi\u00f3n de 30 millones de pesos para la construcci\u00f3n del Macrocentro DIF en la colonia Pueblo Nuevo.<\/p>\n\n\n\n<ul class=\"wp-block-gallery columns-1 is-cropped wp-block-gallery-1 is-layout-flex wp-block-gallery-is-layout-flex\"><li class=\"blocks-gallery-item\"><figure><img loading=\"lazy\" decoding=\"async\" width=\"591\" height=\"364\" src=\"http:\/\/diariodigitalmx.com\/wp-content\/uploads\/2019\/04\/thumbnail_WhatsApp-Image-2019-04-11-at-7.50.09-PM-1.jpg\" alt=\"\" data-id=\"2256\" data-link=\"http:\/\/diariodigitalmx.com\/?attachment_id=2256\" class=\"wp-image-2256\" srcset=\"https:\/\/diariodigitalmx.com\/wp-content\/uploads\/2019\/04\/thumbnail_WhatsApp-Image-2019-04-11-at-7.50.09-PM-1.jpg 591w, https:\/\/diariodigitalmx.com\/wp-content\/uploads\/2019\/04\/thumbnail_WhatsApp-Image-2019-04-11-at-7.50.09-PM-1-300x185.jpg 300w\" sizes=\"(max-width: 591px) 100vw, 591px\" \/><\/figure><\/li><li class=\"blocks-gallery-item\"><figure><img loading=\"lazy\" decoding=\"async\" width=\"1024\" height=\"682\" src=\"http:\/\/diariodigitalmx.com\/wp-content\/uploads\/2019\/04\/WhatsApp-Image-2019-04-11-at-8.11.11-PM-3-1024x682.jpeg\" alt=\"\" data-id=\"2257\" data-link=\"http:\/\/diariodigitalmx.com\/?attachment_id=2257\" class=\"wp-image-2257\" srcset=\"https:\/\/diariodigitalmx.com\/wp-content\/uploads\/2019\/04\/WhatsApp-Image-2019-04-11-at-8.11.11-PM-3-1024x682.jpeg 1024w, https:\/\/diariodigitalmx.com\/wp-content\/uploads\/2019\/04\/WhatsApp-Image-2019-04-11-at-8.11.11-PM-3-300x200.jpeg 300w, https:\/\/diariodigitalmx.com\/wp-content\/uploads\/2019\/04\/WhatsApp-Image-2019-04-11-at-8.11.11-PM-3-768x512.jpeg 768w, https:\/\/diariodigitalmx.com\/wp-content\/uploads\/2019\/04\/WhatsApp-Image-2019-04-11-at-8.11.11-PM-3.jpeg 1280w\" sizes=\"(max-width: 1024px) 100vw, 1024px\" \/><\/figure><\/li><\/ul>\n\n\n\n<p>En solemne Sesi\u00f3n de Cabildo y aprobado por unanimidad, Garza Villarreal anunci\u00f3 la luz verde para el macro proyecto, el cual, adem\u00e1s de mejor dise\u00f1ado y funcional al doble que los actuales, est\u00e1 pensado en la permanente inclusi\u00f3n y dignificaci\u00f3n sobre todo del sector m\u00e1s vulnerable.<\/p>\n\n\n\n<p>En aproximadamente dos meses, los m\u00e1s de 50 mil habitantes de la colonia Pueblo Nuevo y de siete colonias aleda\u00f1as m\u00e1s que gozar\u00e1n de todos los beneficios, ser\u00e1n testigos del nacimiento de lo que el mismo Garza Villarreal calific\u00f3 como \u201cla estrella m\u00e1s bonita para mis queridos vecinos de Pueblo Nuevo\u201d.<\/p>\n\n\n\n<p>En la misma Sesi\u00f3n de Cabido, realizada en el parque acu\u00e1tico Bicentenario, uno de los seis con el que cuenta el municipio de Apodaca, se ratific\u00f3 el gratuito ingreso para la comunidad as\u00ed como la ampliaci\u00f3n de los horarios para la integraci\u00f3n familiar; \u00e9stos son desde el 20 de marzo hasta 22 de septiembre.<\/p>\n\n\n\n<p>Las familias que acudieron a escuchar los acuerdos y anuncios en la Sesi\u00f3n, aplaudieron al Cabildo al darse a conocer la inyecci\u00f3n de 11 millones de pesos directamente a la Polic\u00eda apodaquense&nbsp;&nbsp;en sus rubros de su prevenci\u00f3n, equipamiento y tecnolog\u00eda.<\/p>\n\n\n\n<p>Lo anterior debido al otorgamiento del subsidio para el fortalecimiento de la Seguridad P\u00fablica, rengl\u00f3n primordial de la actual administraci\u00f3n para llevar la seguridad al siguiente nivel, el mejor.<\/p>\n\n\n\n<p>En medio de aplausos y el reconocimiento de los asistentes,&nbsp;&nbsp;agradecieron el proyecto del Macrocentro DIF de Apodaca, el cual tendr\u00e1 cerca de mil 700 metros cuadrados para dar cabida a cerca de cuatro mil personas, dando prioridad a la alimentaci\u00f3n y atenci\u00f3n de quienes se hallan en estado vulnerable.<br><\/p>\n","protected":false},"excerpt":{"rendered":"<p>En un hecho sin precedentes en el municipio de Apodaca, el alcalde C\u00e9sar Garza Villareal, confirm\u00f3 la inversi\u00f3n de 30 millones de pesos para la construcci\u00f3n del Macrocentro DIF en la colonia Pueblo Nuevo. En solemne Sesi\u00f3n de Cabildo y aprobado por unanimidad, Garza Villarreal anunci\u00f3 la luz verde para el macro proyecto, el cual, [&hellip;]<\/p>\n","protected":false},"author":1,"featured_media":2255,"comment_status":"open","ping_status":"open","sticky":true,"template":"","format":"standard","meta":{"footnotes":""},"categories":[6],"tags":[],"_links":{"self":[{"href":"https:\/\/diariodigitalmx.com\/index.php\/wp-json\/wp\/v2\/posts\/2254"}],"collection":[{"href":"https:\/\/diariodigitalmx.com\/index.php\/wp-json\/wp\/v2\/posts"}],"about":[{"href":"https:\/\/diariodigitalmx.com\/index.php\/wp-json\/wp\/v2\/types\/post"}],"author":[{"embeddable":true,"href":"https:\/\/diariodigitalmx.com\/index.php\/wp-json\/wp\/v2\/users\/1"}],"replies":[{"embeddable":true,"href":"https:\/\/diariodigitalmx.com\/index.php\/wp-json\/wp\/v2\/comments?post=2254"}],"version-history":[{"count":1,"href":"https:\/\/diariodigitalmx.com\/index.php\/wp-json\/wp\/v2\/posts\/2254\/revisions"}],"predecessor-version":[{"id":2258,"href":"https:\/\/diariodigitalmx.com\/index.php\/wp-json\/wp\/v2\/posts\/2254\/revisions\/2258"}],"wp:featuredmedia":[{"embeddable":true,"href":"https:\/\/diariodigitalmx.com\/index.php\/wp-json\/wp\/v2\/media\/2255"}],"wp:attachment":[{"href":"https:\/\/diariodigitalmx.com\/index.php\/wp-json\/wp\/v2\/media?parent=2254"}],"wp:term":[{"taxonomy":"category","embeddable":true,"href":"https:\/\/diariodigitalmx.com\/index.php\/wp-json\/wp\/v2\/categories?post=2254"},{"taxonomy":"post_tag","embeddable":true,"href":"https:\/\/diariodigitalmx.com\/index.php\/wp-json\/wp\/v2\/tags?post=2254"}],"curies":[{"name":"wp","href":"https:\/\/api.w.org\/{rel}","templated":true}]}}