{"id":2266,"date":"2019-04-12T13:30:39","date_gmt":"2019-04-12T18:30:39","guid":{"rendered":"http:\/\/diariodigitalmx.com\/?p=2266"},"modified":"2019-04-12T13:30:41","modified_gmt":"2019-04-12T18:30:41","slug":"las-preguntas-incomodas-que-le-hizo-jorge-ramos-a-amlo","status":"publish","type":"post","link":"https:\/\/diariodigitalmx.com\/index.php\/2019\/04\/12\/las-preguntas-incomodas-que-le-hizo-jorge-ramos-a-amlo\/","title":{"rendered":"Las preguntas inc\u00f3modas que le hizo Jorge Ramos a AMLO"},"content":{"rendered":"\n<p>El periodista mexicano irrumpi\u00f3 en la conferencia matutina de L\u00f3pez Obrador, donde capt\u00f3 la atenci\u00f3n con preguntas que causaron momentos r\u00edspidos con el Presidente<\/p>\n\n\n\n<p>Redacci\u00f3n<\/p>\n\n\n\n<p>El presidente Andr\u00e9s Manuel L\u00f3pez Obrador tuvo que responder a preguntas m\u00e1s r\u00edspidas que las acostumbradas durante la conferencia matutina de este viernes, ya que cont\u00f3 con la presencia del periodista Jorge Ramos, quien no se guard\u00f3 ning\u00fan comentario ante el mandatario mexicano.<\/p>\n\n\n\n<p>En este punto, Jorge Ramos fue invitado a acercarse con el Presidente a observar gr\u00e1ficas para comparar cifras del n\u00famero de homicidios en lo que va del sexenio de L\u00f3pez Obrador.<\/p>\n\n\n\n<p>&nbsp;Ramos: A nivel de criminalidad, las cosas no han cambiado en M\u00e9xico, se\u00f1or presidente. Durante sus primeros tres meses asesinaron a ocho mil 524 mexicanos, si contin\u00faan las cifras igual el 2019 va a ser el a\u00f1o m\u00e1s sangriento y violento en la historia moderna de M\u00e9xico. As\u00ed que la pregunta es: \u00bfqu\u00e9 va a hacer a corto plazo para que no maten a tantos mexicanos y para que M\u00e9xico no siga siendo uno de los pa\u00edses m\u00e1s peligrosos del mundo para ejercer el periodismo? Pero la pregunta central es: \u00bfqu\u00e9 hacer para que ahora no maten a tantos mexicanos? (&#8230;)<\/p>\n\n\n\n<p>&nbsp;Ramos: Ha sido muy violento, se\u00f1or presidente, ese es el problema, que si sigue as\u00ed el 2019 va a ser terrible, el peor a\u00f1o que recordemos.<\/p>\n\n\n\n<p>AMLO: Hemos controlado la situaci\u00f3n seg\u00fan nuestros datos.<\/p>\n\n\n\n<p>Ramos: Los datos que yo tengo dicen otra cosa, no est\u00e1n controlando, al contrario, siguen muriendo muchos mexicanos.<\/p>\n\n\n\n<p>AMLO: S\u00ed, nos dejaron un pa\u00eds con mucha violencia porque hab\u00eda impunidad y mucha corrupci\u00f3n, que ya no hay. Aparte de atender el asunto.<\/p>\n\n\n\n<p>&nbsp;Ramos: Impunidad sigue habiendo, los feminicidios, los asesinatos a seis periodistas durante su gobierno. (&#8230;)<\/p>\n\n\n\n<p>&nbsp;Ramos: Pero no ha resultado, se\u00f1or presidente.<\/p>\n\n\n\n<p>AMLO: Claro que s\u00ed hay resultados Ramos: Las cifras indican que sigue aumentando el n\u00famero de asesinatos, ocho mil 524 en los tres meses primeros.<\/p>\n\n\n\n<p>&nbsp;AMLO: No han aumentado. Ramos: Claro que han aumentado, por supuesto que s\u00ed.<\/p>\n\n\n\n<p>&nbsp;AMLO: No, yo tengo otra informaci\u00f3n.<\/p>\n\n\n\n<p>&nbsp;Ramos: Son cifras de su propia Secretar\u00eda de Seguridad.<\/p>\n\n\n\n<p>&nbsp;AMLO: S\u00ed, s\u00ed, pero yo te invito para que las revisemos.<\/p>\n\n\n\n<p>&nbsp;Ramos:\u00bfEsas no son ciertas, las cifras de la Secretar\u00eda de Seguridad? AMLO: Ah, \u00bflas de nosotros no son ciertas?<\/p>\n\n\n\n<p>&nbsp;Ramos: No, no, no, le pregunto que si las cifras de su Secretar\u00eda de Seguridad no son ciertas. Dicen que murieron ocho mil 524 mexicanos en los primeros tres meses.<\/p>\n\n\n\n<p>AMLO: Vamos vi\u00e9ndolas, vamos vi\u00e9ndolas. Yo no te voy a decir, porque no me gusta decir mentiras. A ver, por qu\u00e9 no pones la gr\u00e1fica del promedio diario.<\/p>\n\n\n\n<p>&nbsp;Ramos: No es cuesti\u00f3n de ponerme del diario, es cuesti\u00f3n de cu\u00e1ntos mexicanos han muerto durante los primeros tres meses.<\/p>\n\n\n\n<p>&nbsp;AMLO: S\u00ed, claro. No, no, no. En dos sexenios perdieron la vida, desde que un presidente declar\u00f3 la guerra al narcotr\u00e1fico y le peg\u00f3 un garrotazo a lo tonto al avispero, alrededor de 250 mil mexicanos.<\/p>\n\n\n\n<p>Ramos: S\u00ed, pero yo digo de su gobierno, en diciembre murieron dos mil 875; en enero murieron dos mil 853 mexicanos; en febrero murieron dos mil 796. Si sigue as\u00ed va a ser el m\u00e1s violento de la historia moderna de M\u00e9xico.<\/p>\n\n\n\n<p>&nbsp;AMLO: Ah\u00ed est\u00e1, mira, ese recuadro. A ver si coincide con tus datos. Ramos: No s\u00e9 cu\u00e1ntos. No alcanzo a leer desde aqu\u00ed.<\/p>\n\n\n\n<p>&nbsp;AMLO: A ver, yo te digo.<\/p>\n\n\n\n<p>&nbsp;Ramos: Vamos a acercarnos a ver.<\/p>\n\n\n\n<p>AMLO: Promedio diario. 79, diciembre; enero, 75; febrero, 83; marzo, 77.<\/p>\n\n\n\n<p>&nbsp;Ramos: S\u00ed, pero las cifras totales son.<\/p>\n\n\n\n<p>AMLO: Ah, no, las cifras totales no las tengo, pero te las voy a dar.<\/p>\n\n\n\n<p>&nbsp;En otro momento, el periodista pidi\u00f3 una explicaci\u00f3n a L\u00f3pez Obrador de su petici\u00f3n a Reforma de revelar sus fuentes en el caso de la carta que el tabasque\u00f1o envi\u00f3 al Rey de Espa\u00f1a para solicitarle una disculpa por la Conquista.<\/p>\n\n\n\n<p>Ramos: Entre par\u00e9ntesis, no ayuda que usted desacredite a los periodistas, se\u00f1or presidente, o que pida que un medio revele sus fuentes. Eso es un ataque a la libertad de prensa. Si usted hubiera dado a conocerla carta al rey de Espa\u00f1a, Reforma no hubiera tenido que filtrar o buscar fuentes confidenciales. (&#8230;)<\/p>\n\n\n\n<p>&nbsp;AMLO: En cuanto a lo que dices del Reforma, yo creo que, garantizando la libertad de expresi\u00f3n sin censura, no hacer lo que se hac\u00eda anteriormente, cuando el Reforma proteg\u00eda a gobiernos del periodo neoliberal, que protegi\u00f3 a Salinas, que protegi\u00f3 a Zedillo y a todos, incluso tengo pruebas de que ayud\u00f3 a legitimar el fraude electoral del 2006 y apoy\u00f3 mi desafuero, porque es un partido&#8230; si es un partido&#8230; es un peri\u00f3dico conservador. Pero independientemente de esa postura conservadora cuyo distintivo es la hipocres\u00eda, independientemente de eso, siempre se les va a garantizar el derecho a manifestarse. (&#8230;)<\/p>\n\n\n\n<p>Ramos: Pero no revelarlas fuentes, revelarlas fuentes no. Yo orgullosamente llevo mucho tiempo trabajando en el Reforma y eso no es cierto.<\/p>\n\n\n\n<p>AMLO: Nunca, jam\u00e1s vamos nosotros a atentar en contra del periodismo. No va a pasar lo que sucedi\u00f3 y ellos no dijeron absolutamente nada cuando un gobierno de derecha, conservador, expuls\u00f3 a Jos\u00e9 Guti\u00e9rrez Viv\u00f3, lo desterr\u00f3, o lo que pas\u00f3 en el sexenio pasado con Carmen Aristegui. Eso jam\u00e1s, Jorge, va a suceder.<\/p>\n\n\n\n<p>&nbsp;Ramos: \u00bfPero no cree que revelarlas fuentes, pedir que revelarlas fuentes es un ataque a la libertad de prensa?<\/p>\n\n\n\n<p>&nbsp;AMLO: No, no es ning\u00fan ataque.<\/p>\n\n\n\n<p>Ramos: Es que s\u00ed lo es, hay periodistas que van a la c\u00e1rcel para no revelarlas fuentes. Ning\u00fan periodista, se\u00f1or presidente, va a revelar las fuentes. Ninguno. Y si usted hubiera publicado la carta no hubieran tenido que usar fuentes confidenciales.<\/p>\n\n\n\n<p>&nbsp;AMLO: No, pero que no revelen las fuentes, Jorge, no es obligatorio. Ni va haber coerci\u00f3n, no va a haber represi\u00f3n.<\/p>\n\n\n\n<p>&nbsp;Ramos:\u00bfYa no est\u00e1 pidiendo que revelen las fuentes?<\/p>\n\n\n\n<p>AMLO: No, si lo dije desde el principio.<\/p>\n\n\n\n<p>&nbsp;Ramos: No, no, usted hab\u00eda dicho otra cosa, usted hab\u00eda pedido que revelaran las fuentes.<\/p>\n\n\n\n<p>AMLO: No, lo dije desde el principio, el primer d\u00eda dije: Y si no quieren revelar la fuente, que no la revelen.<\/p>\n\n\n\n<p>Ramos: No lo van a revelar.<\/p>\n\n\n\n<p>Ramos: Ni ninguno de nosotros las va a revelar.<\/p>\n\n\n\n<p>AMLO: No, no, sabes por qu\u00e9 lo dije, porque quiero ejercer mi derecho a la r\u00e9plica.<\/p>\n\n\n\n<p>Ramos: Y nosotros a la libertad de prensa.<\/p>\n\n\n\n<p>&nbsp;AMLO: Eso es, eso es todo, y que haya di\u00e1logo circular. \u00bfEntonces, por qu\u00e9 ellos s\u00ed pueden plantear que haya transparencia y yo no puedo pedir que haya transparencia?<\/p>\n\n\n\n<p>&nbsp;Ramos: S\u00ed, pero no relevarlas fuentes. Jam\u00e1s.<\/p>\n\n\n\n<p>AMLO: No, no, no, en este caso se trata de una carta que se envi\u00f3 a un gobierno extranjero y que de repente aparece publicada en el peri\u00f3dico Reforma.<\/p>\n\n\n\n<p>&nbsp;Ramos: Ese es nuestro trabajo.<\/p>\n\n\n\n<p>AMLO: Por eso, si no quieren revelar las fuentes no hay ning\u00fan problema, pero yo tengo el derecho de manifestarme tambi\u00e9n. Es lo que estoy haciendo.<\/p>\n\n\n\n<p>\u00a0El periodista Jorge Ramos cuestion\u00f3 a L\u00f3pez Obrador sobre su cambio de opini\u00f3n sobre el presidente de EU, Donald Trump, a lo que el tabasque\u00f1o reiter\u00f3 su postura de que no busca confrontar a su vecino del norte.Ramos: En el 2017 usted, en el 2017 en una entrevista usted me dijo que Donald Trump s\u00ed era un racista, incluso despu\u00e9s usted escribi\u00f3 un libro llamado &#8220;Oye, Trump&#8221;, que fue muy cr\u00edtico con el presidente Donald Trump. Pero desde que lleg\u00f3 usted a la Presidencia aparentemente la cosa han cambiado un poco, muchos acusan.\u00a0 \u00a0\u00a0 <\/p>\n","protected":false},"excerpt":{"rendered":"<p>El periodista mexicano irrumpi\u00f3 en la conferencia matutina de L\u00f3pez Obrador, donde capt\u00f3 la atenci\u00f3n con preguntas que causaron momentos r\u00edspidos con el Presidente Redacci\u00f3n El presidente Andr\u00e9s Manuel L\u00f3pez Obrador tuvo que responder a preguntas m\u00e1s r\u00edspidas que las acostumbradas durante la conferencia matutina de este viernes, ya que cont\u00f3 con la presencia del [&hellip;]<\/p>\n","protected":false},"author":1,"featured_media":2267,"comment_status":"open","ping_status":"open","sticky":true,"template":"","format":"standard","meta":{"footnotes":""},"categories":[2],"tags":[],"_links":{"self":[{"href":"https:\/\/diariodigitalmx.com\/index.php\/wp-json\/wp\/v2\/posts\/2266"}],"collection":[{"href":"https:\/\/diariodigitalmx.com\/index.php\/wp-json\/wp\/v2\/posts"}],"about":[{"href":"https:\/\/diariodigitalmx.com\/index.php\/wp-json\/wp\/v2\/types\/post"}],"author":[{"embeddable":true,"href":"https:\/\/diariodigitalmx.com\/index.php\/wp-json\/wp\/v2\/users\/1"}],"replies":[{"embeddable":true,"href":"https:\/\/diariodigitalmx.com\/index.php\/wp-json\/wp\/v2\/comments?post=2266"}],"version-history":[{"count":1,"href":"https:\/\/diariodigitalmx.com\/index.php\/wp-json\/wp\/v2\/posts\/2266\/revisions"}],"predecessor-version":[{"id":2268,"href":"https:\/\/diariodigitalmx.com\/index.php\/wp-json\/wp\/v2\/posts\/2266\/revisions\/2268"}],"wp:featuredmedia":[{"embeddable":true,"href":"https:\/\/diariodigitalmx.com\/index.php\/wp-json\/wp\/v2\/media\/2267"}],"wp:attachment":[{"href":"https:\/\/diariodigitalmx.com\/index.php\/wp-json\/wp\/v2\/media?parent=2266"}],"wp:term":[{"taxonomy":"category","embeddable":true,"href":"https:\/\/diariodigitalmx.com\/index.php\/wp-json\/wp\/v2\/categories?post=2266"},{"taxonomy":"post_tag","embeddable":true,"href":"https:\/\/diariodigitalmx.com\/index.php\/wp-json\/wp\/v2\/tags?post=2266"}],"curies":[{"name":"wp","href":"https:\/\/api.w.org\/{rel}","templated":true}]}}