{"id":2269,"date":"2019-04-12T13:32:04","date_gmt":"2019-04-12T18:32:04","guid":{"rendered":"http:\/\/diariodigitalmx.com\/?p=2269"},"modified":"2019-04-12T13:32:05","modified_gmt":"2019-04-12T18:32:05","slug":"atentado-en-pakistan-deja-al-menos-20-muertos-y-48-heridos","status":"publish","type":"post","link":"https:\/\/diariodigitalmx.com\/index.php\/2019\/04\/12\/atentado-en-pakistan-deja-al-menos-20-muertos-y-48-heridos\/","title":{"rendered":"Atentado en Pakist\u00e1n deja al menos 20 muertos y 48 heridos"},"content":{"rendered":"\n<p>El subinspector general de la Polic\u00eda, Abdul Razzaq Cheema, quien estuvo presente en el lugar de la explosi\u00f3n, se\u00f1al\u00f3 que el ataque fue dirigido contra la comunidad chi\u00ed hazara.<\/p>\n\n\n\n<p>Al menos 20 personas murieron y otras 48 resultaron heridas este viernes en un atentado con bomba en un mercado en la ciudad de Quetta, en el suroeste de Pakist\u00e1n, informaron autoridades locales.<\/p>\n\n\n\n<p>El subinspector general de la Polic\u00eda, Abdul Razzaq Cheema, quien estuvo presente en el lugar de la explosi\u00f3n, se\u00f1al\u00f3 que el ataque fue dirigido contra la comunidad chi\u00ed hazara.<\/p>\n\n\n\n<p>&#8220;El ataque tuvo lugar contra una tienda de verduras. Un artefacto explosivo improvisado fue colocado en un saco lleno de patatas. Nuestros expertos dir\u00e1n si fue activado con temporizador o por control remoto. Est\u00e1n ahora investig\u00e1ndolo&#8221;, indic\u00f3 el jefe policiaco de acuerdo con el diario local Dawn.<\/p>\n\n\n\n<p>Del total de v\u00edctimas mortales, ocho son hazaras. Adem\u00e1s, ha muerto un soldado del Cuerpo de Fronteras y dos dependientes de la tienda, varios empresarios y ciudadanos que resid\u00edan en la zona. Entre los heridos figuran cuatro militares del Cuerpo de Fronteras.<\/p>\n\n\n\n<p>Los heridos han sido trasladados al Centro M\u00e9dico Bolan para recibir tratamiento y se ha declarado la emergencia en los hospitales de la zona. &#8220;Hemos gestionado el transporte para que los hazaras que han resultado ilesos en el ataque puedan regresar&#8221;, indic\u00f3 el alto mando policial.<\/p>\n\n\n\n<p>El primer ministro de Pakist\u00e1n, Imran Khan, conden\u00f3 el atentado y expres\u00f3 su dolor por la p\u00e9rdida de vidas inocentes y orden\u00f3 a las autoridades que garantizaran el mejor tratamiento m\u00e9dico para los heridos, report\u00f3 por su parte el canal de televisi\u00f3n Geo News.<\/p>\n\n\n\n<p>Quetta, capital de la provincia de Baluchist\u00e1n, es una de las localidades m\u00e1s conflictivas de Pakist\u00e1n, con la presencia de grupos armados separatistas, facciones talibanes y grupos yihadistas.<\/p>\n\n\n\n<p>El pasado julio, 149 personas murieron en un atentado en esta provincia en un mitin electoral durante la campa\u00f1a de las elecciones generales, en el peor ataque de la historia del pa\u00eds.<\/p>\n","protected":false},"excerpt":{"rendered":"<p>El subinspector general de la Polic\u00eda, Abdul Razzaq Cheema, quien estuvo presente en el lugar de la explosi\u00f3n, se\u00f1al\u00f3 que el ataque fue dirigido contra la comunidad chi\u00ed hazara. Al menos 20 personas murieron y otras 48 resultaron heridas este viernes en un atentado con bomba en un mercado en la ciudad de Quetta, en [&hellip;]<\/p>\n","protected":false},"author":1,"featured_media":2270,"comment_status":"open","ping_status":"open","sticky":true,"template":"","format":"standard","meta":{"footnotes":""},"categories":[4],"tags":[],"_links":{"self":[{"href":"https:\/\/diariodigitalmx.com\/index.php\/wp-json\/wp\/v2\/posts\/2269"}],"collection":[{"href":"https:\/\/diariodigitalmx.com\/index.php\/wp-json\/wp\/v2\/posts"}],"about":[{"href":"https:\/\/diariodigitalmx.com\/index.php\/wp-json\/wp\/v2\/types\/post"}],"author":[{"embeddable":true,"href":"https:\/\/diariodigitalmx.com\/index.php\/wp-json\/wp\/v2\/users\/1"}],"replies":[{"embeddable":true,"href":"https:\/\/diariodigitalmx.com\/index.php\/wp-json\/wp\/v2\/comments?post=2269"}],"version-history":[{"count":1,"href":"https:\/\/diariodigitalmx.com\/index.php\/wp-json\/wp\/v2\/posts\/2269\/revisions"}],"predecessor-version":[{"id":2271,"href":"https:\/\/diariodigitalmx.com\/index.php\/wp-json\/wp\/v2\/posts\/2269\/revisions\/2271"}],"wp:featuredmedia":[{"embeddable":true,"href":"https:\/\/diariodigitalmx.com\/index.php\/wp-json\/wp\/v2\/media\/2270"}],"wp:attachment":[{"href":"https:\/\/diariodigitalmx.com\/index.php\/wp-json\/wp\/v2\/media?parent=2269"}],"wp:term":[{"taxonomy":"category","embeddable":true,"href":"https:\/\/diariodigitalmx.com\/index.php\/wp-json\/wp\/v2\/categories?post=2269"},{"taxonomy":"post_tag","embeddable":true,"href":"https:\/\/diariodigitalmx.com\/index.php\/wp-json\/wp\/v2\/tags?post=2269"}],"curies":[{"name":"wp","href":"https:\/\/api.w.org\/{rel}","templated":true}]}}