{"id":2272,"date":"2019-04-12T13:35:36","date_gmt":"2019-04-12T18:35:36","guid":{"rendered":"http:\/\/diariodigitalmx.com\/?p=2272"},"modified":"2019-04-12T17:02:25","modified_gmt":"2019-04-12T22:02:25","slug":"frida-diputada-millennial-participe-en-plantones-de-amlo-y-ya-me-desencanto","status":"publish","type":"post","link":"https:\/\/diariodigitalmx.com\/index.php\/2019\/04\/12\/frida-diputada-millennial-participe-en-plantones-de-amlo-y-ya-me-desencanto\/","title":{"rendered":"Frida, diputada millennial: \u201cParticip\u00e9 en plantones de AMLO y ya me desencant\u00f3\u201d"},"content":{"rendered":"\n<ul><li>Tomado de Cr\u00f3nica.com.mx<strong>p<\/strong><\/li><\/ul>\n\n\n\n<p>Dice que a los 10 a\u00f1os de edad ya volanteaba en Zacatecas como seguidora del L\u00f3pez Obrador perredista; en 2006 conoci\u00f3 las acciones de resistencia del tabasque\u00f1o y se uni\u00f3, hasta lleg\u00f3 a dormir en tiendas de campa\u00f1a en el Z\u00f3calo, pero&#8230;<\/p>\n\n\n\n<p>La zacatecana Frida Esperanza es muy joven pero su andar en la pol\u00edtica comenz\u00f3 siendo una ni\u00f1a.<\/p>\n\n\n\n<p>Frida Esparza tiene 22 a\u00f1os, y es la diputada&nbsp;<em>millennial<\/em>&nbsp;del Palacio Legislativo. A su corta edad ya tiene un pasado en la pol\u00edtica. Con Andr\u00e9s Manuel L\u00f3pez Obrador conoci\u00f3 las acciones de resistencia. Cuando a\u00fan el hoy Presidente de M\u00e9xico pertenec\u00eda al Partido de la Revoluci\u00f3n Democr\u00e1tica (PRD), la peque\u00f1a Frida Alejandra estuvo en sus campamentos, en 2006. Lo segu\u00eda por sus ideales, pero se desencant\u00f3 de \u00e9l, poco despu\u00e9s, con m\u00e1s conciencia, porque mostr\u00f3 rasgos autoritarios.<\/p>\n\n\n\n<p>La legisladora se apresura a llegar a la entrevista, aunque se atraviesa la votaci\u00f3n del dictamen para que las organizaciones ganaderas fomenten entre sus asociados el uso de fuentes de energ\u00edas limpias y renovables para el desarrollo de sus actividades productivas.<\/p>\n\n\n\n<p>\u201cSe aprob\u00f3 por unanimidad\u201d, informa Frida Alejandra Esparza M\u00e1rquez.<\/p>\n\n\n\n<p>Apenas va comenzando la charla con&nbsp;<em>Cr\u00f3nica<\/em>, cuando nos interrumpe el tel\u00e9fono an\u00e1logo de la oficina de la perredista.<\/p>\n\n\n\n<p>\u201c\u00bfC\u00f3mo se pasa para all\u00e1 la llamada de este tel\u00e9fono?\u201d, pregunta a su equipo que la asiste, otras j\u00f3venes. Al verla a los ojos, esboza una sonrisa tierna, como quien confesara el poco contacto que hay con esa tecnolog\u00eda de revoluciones pasadas. Los tel\u00e9fonos inteligentes y otras herramientas del orden la tienen cooptada. Es la plataforma de su comunicaci\u00f3n, aunque dice que pasa varias horas en este espacio asignado por la C\u00e1mara de Diputados, el tel\u00e9fono fijo quiz\u00e1 es siempre contestado por alguien m\u00e1s.<\/p>\n\n\n\n<p>Cuenta, entonces, que su abuelo, Camerino M\u00e1rquez, era de oficio agricultor en Sombrerete, Zacatecas \u2014de donde es la familia materna\u2014, una regi\u00f3n a dos horas de la capital del estado.<\/p>\n\n\n\n<p>\u201cMe acuerdo que a \u00e9l le encantaba leer, preguntar y asistir a reuniones\u201d, revela. Ella no entend\u00eda bien a bien de qu\u00e9 se trataban. A los diez a\u00f1os de edad lo comprendi\u00f3, cuando se puso a volantear durante una campa\u00f1a, nada m\u00e1s ni nada menos que con Andr\u00e9s Manuel L\u00f3pez Obrador.<\/p>\n\n\n\n<p>\u201cA m\u00ed me toc\u00f3 venir al Z\u00f3calo, me qued\u00e9 un tiempo en las casas de campa\u00f1a. Desde ni\u00f1a crec\u00ed en este ambiente y me gust\u00f3 mucho, me llam\u00f3 la atenci\u00f3n, pero yo lo ve\u00eda con un contexto m\u00e1s amplio. Eso dio pie a que estudiara la carrera de Filosof\u00eda, en la Universidad Aut\u00f3noma de Zacatecas (UAZ)\u201d.<\/p>\n\n\n\n<p>Aclara que est\u00e1 por graduarse este a\u00f1o, aunque tiene complicado el tema de la tesis, por lo que anda en busca de un asesor que la apoye, por la distancia, sobre todo.<\/p>\n\n\n\n<p>\u201cEstar yendo cada semana a Zacatecas es complicado. Tambi\u00e9n estudi\u00e9 ciencias biol\u00f3gicas, pero eso s\u00ed est\u00e1 en pausa, igual, por los tiempos. Esta carrera s\u00ed demanda que sea presencial, porque hay que asistir a los laboratorios y las pr\u00e1cticas\u201d.<\/p>\n\n\n\n<p>\u2014<em>\u00bfSeguir a Andr\u00e9s Manuel no estuvo en su horizonte?, se le pregunta.<\/em><\/p>\n\n\n\n<p>\u2014\u201cA m\u00ed s\u00ed me sorprendieron muchos temas autoritarios con Andr\u00e9s Manuel, y el rechazo al partido, cuando \u00e9l se separ\u00f3 del PRD. Eso me provoc\u00f3 se\u00f1ales de alerta, dicequien hoy critica el programa J\u00f3venes Construyendo el Futuro. \u201cEs asistencialista\u201d.<\/p>\n\n\n\n<p>\u201cYo no creo que hay que estar con la mayor\u00eda, sino que hay que estar con el partido en el que se pueda coincidir con los ideales, con tu ideolog\u00eda\u201d, enfatiza.<\/p>\n\n\n\n<p>Frida tiene tres perros,&nbsp;<em>Solovina&nbsp;<\/em>\u2014exclama con una carcajada, porque aclara el nombre de la mascota \u201csola lleg\u00f3\u201d, pero inmediatamente dice que fue idea de su mam\u00e1\u2014.<\/p>\n\n\n\n<p>\u201cUn d\u00eda caminando por calles zacatecanas escuch\u00e9 un ruido, un llanto. Me di cuenta que era una cachorrita. Estaba llena de espinas, y me la llev\u00e9 a mi casa. Mi abuela me vio, y como siempre llegaba con perros dijo: \u2018Otra vez con perros\u2019\u2026 Pero logr\u00e9 que se quedara\u201d, esboza una sonrisa de felicidad.<\/p>\n\n\n\n<p>Los otros dos son&nbsp;<em>Pistache&nbsp;<\/em>\u2014una french poodle que ya tiene sus a\u00f1os, regalo de una compa\u00f1era\u2014 y&nbsp;<em>Maya&nbsp;<\/em>\u2014hija de&nbsp;<em>Pistache<\/em>\u2014.<\/p>\n\n\n\n<p>\u201cEst\u00e1n en Zacatecas. Yo no me los puedo traer a la Ciudad de M\u00e9xico\u201d. Aunque afirma que los extra\u00f1a enormemente, se tienen que quedar all\u00e1, los desplazamientos entre la Ciudad de M\u00e9xico y el estado, dice, son agotadores y no hay tiempo para cuidarlos.<\/p>\n\n\n\n<p>La diputada&nbsp;<em>millenial<\/em>&nbsp;dice que le gusta la capital del pa\u00eds. Se da tiempo para caminar sus calles, conocer lo que ocurre, c\u00f3mo caminan otras mujeres, las de su edad, las de todas las edades. Dice que su compa\u00f1\u00eda son sus amigas de la oficina. Anda en el Z\u00f3calo y otros espacios tur\u00edsticos.<\/p>\n\n\n\n<p>Se ha subido al Metro, tambi\u00e9n para conocerlo. Al transporte p\u00fablico no le teme, aunque est\u00e1 claramente consciente de los tiempos violentos que se viven, le preocupa el tema por los casos de hostigamiento hacia las mujeres.<\/p>\n\n\n\n<p>\u201cSoy usuaria muy frecuente del Metro, de Buenavista, por all\u00e1 tengo muchos amigos.<\/p>\n\n\n\n<p>\u201cS\u00ed me chiflan mucho, pero no conozco una sola mujer que no haya sufrido acoso\u201d, asegura.<\/p>\n\n\n\n<p>Dice que su tiempo libre lo disfruta leyendo, la literatura. \u201cAhorita estoy leyendo, aunque no es literatura, es pol\u00edtica la lectura, El regreso neoliberal, por cierto, lo recomiendo mucho\u201d, y mueve su dedo \u00edndice.<\/p>\n\n\n\n<p>\u201cLeo las novelas cl\u00e1sicas, leo de todo\u201d, cuenta. Adem\u00e1s de esto, a Frida Alejandra los idiomas tambi\u00e9n la seducen. Hay contacto con franc\u00e9s, ruso, italiano, ingl\u00e9s y espa\u00f1ol.<\/p>\n\n\n\n<p>El cine es mejor con su familia, y va cada vez que se lo permiten los compromisos en la C\u00e1mara de Diputados. En la m\u00fasica no es exigente. \u201cMe gusta de toooodo. Yo pienso que no hay que limitarnos\u201d.<\/p>\n\n\n\n<p>En su agenda legislativa est\u00e1 impulsar mecanismos que ayuden cada vez m\u00e1s a que haya lugares seguros, por ejemplo, advierte que en Zacatecas hay municipios que carecen de luz, de luminarias, lo cual propicia que haya violencia y las mujeres sean unos de sus principales focos.<\/p>\n\n\n\n<p>\u201cHay mucho homicidio de ni\u00f1as, es un tema de machismo. Los presidentes municipales est\u00e1n padeciendo por la falta de presupuesto para cubrir muchas necesidades, adem\u00e1s, somos oposici\u00f3n y entonces tampoco esperamos mucho\u201d, indica.<\/p>\n\n\n\n<p>Advierte que para combatir el feminicidio no se requieren alertas de g\u00e9nero, porque no funcionan. Y en el centro de los grandes problemas est\u00e1 la educaci\u00f3n.<\/p>\n\n\n\n<p>\u201cSi se garantiza este derecho, y tambi\u00e9n desde casa se trabaja, pues podemos ir pensando en soluciones. Todo est\u00e1 ah\u00ed, en c\u00f3mo crecen los ni\u00f1os y c\u00f3mo se les educa tanto en la escuela como en casa\u201d, advierte.<\/p>\n","protected":false},"excerpt":{"rendered":"<p>Tomado de Cr\u00f3nica.com.mxp Dice que a los 10 a\u00f1os de edad ya volanteaba en Zacatecas como seguidora del L\u00f3pez Obrador perredista; en 2006 conoci\u00f3 las acciones de resistencia del tabasque\u00f1o y se uni\u00f3, hasta lleg\u00f3 a dormir en tiendas de campa\u00f1a en el Z\u00f3calo, pero&#8230; La zacatecana Frida Esperanza es muy joven pero su andar [&hellip;]<\/p>\n","protected":false},"author":1,"featured_media":2273,"comment_status":"open","ping_status":"open","sticky":true,"template":"","format":"standard","meta":{"footnotes":""},"categories":[2],"tags":[],"_links":{"self":[{"href":"https:\/\/diariodigitalmx.com\/index.php\/wp-json\/wp\/v2\/posts\/2272"}],"collection":[{"href":"https:\/\/diariodigitalmx.com\/index.php\/wp-json\/wp\/v2\/posts"}],"about":[{"href":"https:\/\/diariodigitalmx.com\/index.php\/wp-json\/wp\/v2\/types\/post"}],"author":[{"embeddable":true,"href":"https:\/\/diariodigitalmx.com\/index.php\/wp-json\/wp\/v2\/users\/1"}],"replies":[{"embeddable":true,"href":"https:\/\/diariodigitalmx.com\/index.php\/wp-json\/wp\/v2\/comments?post=2272"}],"version-history":[{"count":2,"href":"https:\/\/diariodigitalmx.com\/index.php\/wp-json\/wp\/v2\/posts\/2272\/revisions"}],"predecessor-version":[{"id":2275,"href":"https:\/\/diariodigitalmx.com\/index.php\/wp-json\/wp\/v2\/posts\/2272\/revisions\/2275"}],"wp:featuredmedia":[{"embeddable":true,"href":"https:\/\/diariodigitalmx.com\/index.php\/wp-json\/wp\/v2\/media\/2273"}],"wp:attachment":[{"href":"https:\/\/diariodigitalmx.com\/index.php\/wp-json\/wp\/v2\/media?parent=2272"}],"wp:term":[{"taxonomy":"category","embeddable":true,"href":"https:\/\/diariodigitalmx.com\/index.php\/wp-json\/wp\/v2\/categories?post=2272"},{"taxonomy":"post_tag","embeddable":true,"href":"https:\/\/diariodigitalmx.com\/index.php\/wp-json\/wp\/v2\/tags?post=2272"}],"curies":[{"name":"wp","href":"https:\/\/api.w.org\/{rel}","templated":true}]}}