{"id":2314,"date":"2019-04-13T13:37:47","date_gmt":"2019-04-13T18:37:47","guid":{"rendered":"http:\/\/diariodigitalmx.com\/?p=2314"},"modified":"2019-04-13T13:41:11","modified_gmt":"2019-04-13T18:41:11","slug":"concientizan-a-choferes-de-la-festa-froc-sobre-el-riesgo-de-estar-al-frente-de-un-volante","status":"publish","type":"post","link":"https:\/\/diariodigitalmx.com\/index.php\/2019\/04\/13\/concientizan-a-choferes-de-la-festa-froc-sobre-el-riesgo-de-estar-al-frente-de-un-volante\/","title":{"rendered":"Concientizan a choferes de la FESTA-FROC, sobre el riesgo de estar al frente de un volante"},"content":{"rendered":"\n<p>*Buscan disminuir accidentes&nbsp; viales, muertes y lesiones<\/p>\n\n\n\n<p>M\u00e1s de tres mil choferes de taxi y de camiones urbanos de la\nFederaci\u00f3n&nbsp; Estatal de Sindicatos de\nTrabajadores&nbsp; del Autotransporte de la\nFROC, concluyeron el curso taller&nbsp; sobre\nleyes y reglamentos, as\u00ed como medidas preventivas para fortalecer su trabajo al\nfrente del volante.<\/p>\n\n\n\n<figure class=\"wp-block-image\"><img loading=\"lazy\" decoding=\"async\" width=\"960\" height=\"720\" src=\"http:\/\/diariodigitalmx.com\/wp-content\/uploads\/2019\/04\/FB_IMG_1555179215763.jpg\" alt=\"\" class=\"wp-image-2318\" srcset=\"https:\/\/diariodigitalmx.com\/wp-content\/uploads\/2019\/04\/FB_IMG_1555179215763.jpg 960w, https:\/\/diariodigitalmx.com\/wp-content\/uploads\/2019\/04\/FB_IMG_1555179215763-300x225.jpg 300w, https:\/\/diariodigitalmx.com\/wp-content\/uploads\/2019\/04\/FB_IMG_1555179215763-768x576.jpg 768w\" sizes=\"(max-width: 960px) 100vw, 960px\" \/><\/figure>\n\n\n\n<p>En una primera etapa&nbsp; se dio el\ncerrojazo con nutrida asistencia de los choferes de diversas secciones y rutas\ncamioneras, los que mostraron disposici\u00f3n para un cambio de mentalidad\ntendiente a la labor preventiva de accidentes&nbsp;\ny de esa forma disminuir este problema que en el Monterrey metropolitano\ndeja muertos, lesionados y da\u00f1os materiales millonarios.<\/p>\n\n\n\n<p>\u201cEl objetivo fundamental es crear una nueva mentalidad, que los choferes\nest\u00e9n conscientes de la necesidad de cuidar el manejo y que se proteja a los\nusuarios que transportan, adem\u00e1s de su propia vida\u201d, explica Osvaldo Serna\nServ\u00edn, secretario general de la FESTA.<\/p>\n\n\n\n<p>El curso taller se dio con la coordinaci\u00f3n de la Secretar\u00eda de Vialidad\ny Tr\u00e1nsito de Monterrey, cuyo personal imparti\u00f3 las pl\u00e1ticas correspondientes\nque permitieron a los choferes reforzar el conocimiento de los reglamentos,\npero sobre todo, hacer conciencia del riesgo que se tiene al frente del\nvolante.<\/p>\n\n\n\n<p>\u201cAunque pareciera trillado, fue necesario crear conciencia y hacerles\nnotar a los choferes la necesidad de respetar leyes y reglamentos. De esta\nforma, se les recalc\u00f3 y estuvieron de acuerdo en no conducir bajo los influjos\ndel alcohol o cualquier estimulante, tampoco utilizar el tel\u00e9fono celular\ncuando manejen, as\u00ed como respetar los l\u00edmites de velocidad y los espacios de\nestacionamiento para personas con capacidades diferentes\u201d, explica Osvaldo\nSerna.<\/p>\n\n\n\n<p>El uso del cintur\u00f3n de seguridad fue un tema importante que se les\nreiter\u00f3 y se les mostr\u00f3 adem\u00e1s, los peligros que entra\u00f1a el no usarlo y que ha\nconducido a la muerte o a dejar incapacitados a miles de personas.<\/p>\n\n\n\n<p>El l\u00edder de la FESTA a nombre del l\u00edder estatal de la FROC, C\u00e9sar\nAlberto Serna de Le\u00f3n, agradeci\u00f3 a las autoridades municipales que encabeza el\nalcalde Adri\u00e1n de la Garza, a Eduardo S\u00e1nchez Quiroz, secretario de Seguridad y\nVialidad; a Azael Castillo, director de la misma secretar\u00eda y a los expositores\nCapit\u00e1n Jos\u00e9 C\u00e1rdenas Buend\u00eda y a Ana Elia Tovar Mar\u00edn, que impartieron los talleres.<\/p>\n\n\n\n<p><\/p>\n","protected":false},"excerpt":{"rendered":"<p>*Buscan disminuir accidentes&nbsp; viales, muertes y lesiones M\u00e1s de tres mil choferes de taxi y de camiones urbanos de la Federaci\u00f3n&nbsp; Estatal de Sindicatos de Trabajadores&nbsp; del Autotransporte de la FROC, concluyeron el curso taller&nbsp; sobre leyes y reglamentos, as\u00ed como medidas preventivas para fortalecer su trabajo al frente del volante. En una primera etapa&nbsp; [&hellip;]<\/p>\n","protected":false},"author":1,"featured_media":2317,"comment_status":"open","ping_status":"open","sticky":true,"template":"","format":"standard","meta":{"footnotes":""},"categories":[6,1],"tags":[],"_links":{"self":[{"href":"https:\/\/diariodigitalmx.com\/index.php\/wp-json\/wp\/v2\/posts\/2314"}],"collection":[{"href":"https:\/\/diariodigitalmx.com\/index.php\/wp-json\/wp\/v2\/posts"}],"about":[{"href":"https:\/\/diariodigitalmx.com\/index.php\/wp-json\/wp\/v2\/types\/post"}],"author":[{"embeddable":true,"href":"https:\/\/diariodigitalmx.com\/index.php\/wp-json\/wp\/v2\/users\/1"}],"replies":[{"embeddable":true,"href":"https:\/\/diariodigitalmx.com\/index.php\/wp-json\/wp\/v2\/comments?post=2314"}],"version-history":[{"count":2,"href":"https:\/\/diariodigitalmx.com\/index.php\/wp-json\/wp\/v2\/posts\/2314\/revisions"}],"predecessor-version":[{"id":2319,"href":"https:\/\/diariodigitalmx.com\/index.php\/wp-json\/wp\/v2\/posts\/2314\/revisions\/2319"}],"wp:featuredmedia":[{"embeddable":true,"href":"https:\/\/diariodigitalmx.com\/index.php\/wp-json\/wp\/v2\/media\/2317"}],"wp:attachment":[{"href":"https:\/\/diariodigitalmx.com\/index.php\/wp-json\/wp\/v2\/media?parent=2314"}],"wp:term":[{"taxonomy":"category","embeddable":true,"href":"https:\/\/diariodigitalmx.com\/index.php\/wp-json\/wp\/v2\/categories?post=2314"},{"taxonomy":"post_tag","embeddable":true,"href":"https:\/\/diariodigitalmx.com\/index.php\/wp-json\/wp\/v2\/tags?post=2314"}],"curies":[{"name":"wp","href":"https:\/\/api.w.org\/{rel}","templated":true}]}}