{"id":23467,"date":"2020-02-19T13:11:33","date_gmt":"2020-02-19T19:11:33","guid":{"rendered":"http:\/\/diariodigitalmx.com\/?p=23467"},"modified":"2020-02-19T13:12:28","modified_gmt":"2020-02-19T19:12:28","slug":"solicita-amnistia-internacional-reunio-con-amlo-por-crisis-de-derechos-humanos","status":"publish","type":"post","link":"https:\/\/diariodigitalmx.com\/index.php\/2020\/02\/19\/solicita-amnistia-internacional-reunio-con-amlo-por-crisis-de-derechos-humanos\/","title":{"rendered":"Solicita Amnist\u00eda Internacional reuni\u00f3n con AMLO por crisis de Derechos Humanos"},"content":{"rendered":"\n<p>Amnist\u00eda\nInternacional (AI) public\u00f3 este mi\u00e9rcoles una carta abierta al presidente\nAndr\u00e9s Manuel L\u00f3pez Obrador en la que le pide una reuni\u00f3n y expresa sus\npreocupaciones por la respuesta gubernamental a la crisis de derechos humanos\nque enfrenta M\u00e9xico.<\/p>\n\n\n\n<p>\u201cSi bien el\nGobierno ha tomado algunos pasos en materia de derechos humanos, estos siguen\nsiendo insuficientes para abordar de forma seria la crisis que viene\nenfrentando el pa\u00eds por muchos a\u00f1os&#8221;, dijo la directora para las Am\u00e9ricas\nde Amnist\u00eda Internacional, Erika Guevara-Rosas.<\/p>\n\n\n\n<p>Seg\u00fan\nrecoge un bolet\u00edn, Guevara-Rosas dijo que es &#8220;preocupante&#8221; c\u00f3mo L\u00f3pez\nObrador, del izquierdista Movimiento Regeneraci\u00f3n Nacional (Morena),\n&#8220;menosprecia&#8221; el rol de los defensores de derechos humanos.<\/p>\n\n\n\n<p>&#8220;O ver\nc\u00f3mo la Guardia Nacional es utilizada para impedir el paso de personas\nmigrantes y refugiadas, o que contin\u00fae con fallidas estrategias militarizadas\nde seguridad p\u00fablica de administraciones pasadas ante la oleada de homicidios y\nfeminicidios\u201d, dijo Guevara-Rosas.<\/p>\n\n\n\n<p>Por ello, la\nrepresentante de AI urgi\u00f3 al presidente a que en vez de &#8220;evadir la\nresponsabilidad y atacar a las personas y organizaciones que se\u00f1alan la\ncrisis&#8221; de M\u00e9xico, se centre en acercarse &#8220;a la sociedad civil para\nencontrar soluciones a esta grave situaci\u00f3n&#8221;.<\/p>\n\n\n\n<p>Por m\u00e1s de\ncuatro d\u00e9cadas, AI ha denunciado violaciones a los derechos humanos en M\u00e9xico.\nDesde el inicio del Gobierno actual, en diciembre de 2018, la organizaci\u00f3n ha\nregistrado algunos avances puntuales en materia de derechos humanos,\nreconociendo en especial los esfuerzos que se han realizado en el tema de\npersonas desaparecidas.<\/p>\n\n\n\n<p>\u201cLa solicitud\nde reuni\u00f3n con el presidente responde a una invitaci\u00f3n a reuni\u00f3n que \u00e9l mismo\nhiciera a la organizaci\u00f3n cuando era candidato a la presidencia de M\u00e9xico. Y es\nplanteada con el fin de contribuir a atender la crisis de derechos humanos en\nel pa\u00eds\u201d, declar\u00f3 a su vez la directora ejecutiva de Amnist\u00eda Internacional\nM\u00e9xico, Tania Reneaum.<\/p>\n\n\n\n<p>\u201cEs importante\nque el presidente escuche las propuestas que tenemos desde la sociedad civil\npara poner freno a la crisis de derechos humanos en el pa\u00eds, que se traduce\nlamentablemente en un alto costo en vidas y otras violaciones graves a los\nderechos humanos cada d\u00eda\u201d, agreg\u00f3.<\/p>\n\n\n\n<p>En diciembre de\n2019, Amnist\u00eda Internacional public\u00f3 un balance del estado de los derechos\nhumanos durante el primer a\u00f1o del Gobierno del presidente L\u00f3pez Obrador.<\/p>\n\n\n\n<p>El informe,\ntitulado &#8220;Cuando las palabras no bastan&#8221;, denunciaba que el pa\u00eds, a\nun a\u00f1o del mandato de L\u00f3pez Obrador, continuaba sumido en una crisis de\nderechos humanos, y se\u00f1alaba especialmente la creciente violencia de g\u00e9nero\ntras pol\u00edticas &#8220;insuficientes&#8221; en la materia.<\/p>\n\n\n\n<p>Hasta la fecha,\nel Gobierno no ha respondido a los llamados de la organizaci\u00f3n ni ha dado\nseguimiento a las recomendaciones del informe, concluy\u00f3 AI en el bolet\u00edn\ndivulgado este mi\u00e9rcoles.<\/p>\n","protected":false},"excerpt":{"rendered":"<p>Amnist\u00eda Internacional (AI) public\u00f3 este mi\u00e9rcoles una carta abierta al presidente Andr\u00e9s Manuel L\u00f3pez Obrador en la que le pide una reuni\u00f3n y expresa sus preocupaciones por la respuesta gubernamental a la crisis de derechos humanos que enfrenta M\u00e9xico. \u201cSi bien el Gobierno ha tomado algunos pasos en materia de derechos humanos, estos siguen siendo [&hellip;]<\/p>\n","protected":false},"author":1,"featured_media":23468,"comment_status":"open","ping_status":"open","sticky":true,"template":"","format":"standard","meta":{"footnotes":""},"categories":[4,5],"tags":[],"_links":{"self":[{"href":"https:\/\/diariodigitalmx.com\/index.php\/wp-json\/wp\/v2\/posts\/23467"}],"collection":[{"href":"https:\/\/diariodigitalmx.com\/index.php\/wp-json\/wp\/v2\/posts"}],"about":[{"href":"https:\/\/diariodigitalmx.com\/index.php\/wp-json\/wp\/v2\/types\/post"}],"author":[{"embeddable":true,"href":"https:\/\/diariodigitalmx.com\/index.php\/wp-json\/wp\/v2\/users\/1"}],"replies":[{"embeddable":true,"href":"https:\/\/diariodigitalmx.com\/index.php\/wp-json\/wp\/v2\/comments?post=23467"}],"version-history":[{"count":3,"href":"https:\/\/diariodigitalmx.com\/index.php\/wp-json\/wp\/v2\/posts\/23467\/revisions"}],"predecessor-version":[{"id":23471,"href":"https:\/\/diariodigitalmx.com\/index.php\/wp-json\/wp\/v2\/posts\/23467\/revisions\/23471"}],"wp:featuredmedia":[{"embeddable":true,"href":"https:\/\/diariodigitalmx.com\/index.php\/wp-json\/wp\/v2\/media\/23468"}],"wp:attachment":[{"href":"https:\/\/diariodigitalmx.com\/index.php\/wp-json\/wp\/v2\/media?parent=23467"}],"wp:term":[{"taxonomy":"category","embeddable":true,"href":"https:\/\/diariodigitalmx.com\/index.php\/wp-json\/wp\/v2\/categories?post=23467"},{"taxonomy":"post_tag","embeddable":true,"href":"https:\/\/diariodigitalmx.com\/index.php\/wp-json\/wp\/v2\/tags?post=23467"}],"curies":[{"name":"wp","href":"https:\/\/api.w.org\/{rel}","templated":true}]}}