{"id":2356,"date":"2019-04-14T13:56:38","date_gmt":"2019-04-14T18:56:38","guid":{"rendered":"http:\/\/diariodigitalmx.com\/?p=2356"},"modified":"2019-04-14T14:09:48","modified_gmt":"2019-04-14T19:09:48","slug":"la-replica-de-la-capilla-sixtina-en-monterrey-estara-por-dos-meses-y-es-gratuita-la-entrada","status":"publish","type":"post","link":"https:\/\/diariodigitalmx.com\/index.php\/2019\/04\/14\/la-replica-de-la-capilla-sixtina-en-monterrey-estara-por-dos-meses-y-es-gratuita-la-entrada\/","title":{"rendered":"La r\u00e9plica de la Capilla Sixtina en Monterrey; estar\u00e1 por dos meses y es gratuita la entrada"},"content":{"rendered":"\n<p> <br>Armando Galicia<br><\/p>\n\n\n\n<ul class=\"wp-block-gallery columns-2 is-cropped wp-block-gallery-1 is-layout-flex wp-block-gallery-is-layout-flex\"><li class=\"blocks-gallery-item\"><figure><img loading=\"lazy\" decoding=\"async\" width=\"1024\" height=\"662\" src=\"http:\/\/diariodigitalmx.com\/wp-content\/uploads\/2019\/04\/inaug-capilla-sixtina09-1024x662.jpg\" alt=\"\" data-id=\"2358\" data-link=\"http:\/\/diariodigitalmx.com\/?attachment_id=2358\" class=\"wp-image-2358\" srcset=\"https:\/\/diariodigitalmx.com\/wp-content\/uploads\/2019\/04\/inaug-capilla-sixtina09-1024x662.jpg 1024w, https:\/\/diariodigitalmx.com\/wp-content\/uploads\/2019\/04\/inaug-capilla-sixtina09-300x194.jpg 300w, https:\/\/diariodigitalmx.com\/wp-content\/uploads\/2019\/04\/inaug-capilla-sixtina09-768x496.jpg 768w\" sizes=\"(max-width: 1024px) 100vw, 1024px\" \/><\/figure><\/li><li class=\"blocks-gallery-item\"><figure><img loading=\"lazy\" decoding=\"async\" width=\"1024\" height=\"693\" src=\"http:\/\/diariodigitalmx.com\/wp-content\/uploads\/2019\/04\/inaug-capilla-sixtina04-1024x693.jpg\" alt=\"\" data-id=\"2359\" data-link=\"http:\/\/diariodigitalmx.com\/?attachment_id=2359\" class=\"wp-image-2359\" srcset=\"https:\/\/diariodigitalmx.com\/wp-content\/uploads\/2019\/04\/inaug-capilla-sixtina04-1024x693.jpg 1024w, https:\/\/diariodigitalmx.com\/wp-content\/uploads\/2019\/04\/inaug-capilla-sixtina04-300x203.jpg 300w, https:\/\/diariodigitalmx.com\/wp-content\/uploads\/2019\/04\/inaug-capilla-sixtina04-768x520.jpg 768w\" sizes=\"(max-width: 1024px) 100vw, 1024px\" \/><\/figure><\/li><\/ul>\n\n\n\n<p>Monterrey, N. L-La r\u00e9plica de la Capilla Sixtina, espacio que recrea a detalle los interiores del emblem\u00e1tico espacio Vaticano abri\u00f3 sus puertas en Monterrey y durante dos meses los regiomontanos y turistas podr\u00e1n conocer el lugar donde los Cardenales se re\u00fanen para elegir al sucesor del Papa.<br><\/p>\n\n\n\n<p>Instalada en la Explanada de los H\u00e9roes, frente al Palacio de Gobierno, abri\u00f3 sus puertas este domingo de Ramos y seg\u00fan los organizadores, se espera que unas 600 personas por hora entren a la estructura hecha con las mismas dimensiones que la arquitectura original, en Roma.<br><\/p>\n\n\n\n<p>El proyecto se realiz\u00f3 &nbsp;con la autorizaci\u00f3n y las facilidades del Vaticano, para acercar a quienes no pueden tener la experiencia de viajar a Roma y durante su recorrido de media hora incluye la visita a la antesala de la Capilla donde se proyecta un video de 15 minutos, para despu\u00e9s pasar a la recreaci\u00f3n de la Capilla con una explicaci\u00f3n de lo que representa cada una de las im\u00e1genes de autores como Miguel \u00c1ngel, inform\u00f3 Antonio Ber\u00famen, director de Capilla Sixtina.<br><\/p>\n\n\n\n<p>De acuerdo al &nbsp;Gobierno de Nuevo Le\u00f3n, el Estado &nbsp;invirti\u00f3 12 millones de pesos para traer este recinto que lleva tres a\u00f1os recorriendo M\u00e9xico.<\/p>\n\n\n\n<p><br>La entrada es libre, pero se necesita &nbsp;solicitar los boletos en el sitio sixtinaenmexico.com, donde tambi\u00e9n est\u00e1n los horarios, o bien solicitarlos en la taquilla del lugar. <br><\/p>\n\n\n\n<p>La log\u00edstica incluye filas preferentes para personas con discapacidad, adultos mayores y mujeres embarazadas y tambi\u00e9n para clientes Banorte, uno de los patrocinadores.<br><br><\/p>\n\n\n\n<p>El titular de la Subsecretar\u00eda de Turismo estatal, Miguel Cant\u00fa realiz\u00f3 un recorrido en el interior de las instalaciones, que muestran la r\u00e9plica exacta de la pintura del escultor Miguel \u00c1ngel y que se encuentra en el Palacio Apost\u00f3lico de la Ciudad del Vaticano.<\/p>\n\n\n\n<p><br>El montaje de la reproducci\u00f3n de la Capilla dur\u00f3 21 d\u00edas y fueron 125 empleados los que trabajaron en el montaje de la estructura.<\/p>\n\n\n\n<p><br>En su interior, la r\u00e9plica de la obra del artista Miguel \u00c1ngel alberga m\u00e1s de 2 millones 600 mil fotograf\u00edas que dan como resultado una reproducci\u00f3n majestuosa de la estructura original que tiene su sede en la Ciudad del Vaticano.<\/p>\n\n\n\n<p><br>\u201cVa a estar dos meses abierto al p\u00fablico y va a ser importante que la gente lo conozca, no es normal que el Vaticano permita una obra de estas y sacarla de Roma, por lo cual lo hizo para M\u00e9xico desde hace tres a\u00f1os fue en el 2016 en el verano\u201d, explic\u00f3 Miguel Cant\u00fa, Secretario de Turismo.<br><br>\u201cEl costo fueron 29 millones m\u00e1s IVA, 12 millones los pag\u00f3 el \u00e1rea del Gobierno del Estado a trav\u00e9s de Turismo, otro tanto fue a trav\u00e9s de empresas y esperamos que todo el resto sea puesto por la iniciativa privada\u201d.<\/p>\n\n\n\n<p><br>El sello mexicano no estuvo ajeno en los trabajos de la instalaci\u00f3n de la reproducci\u00f3n de la Capilla, ya que trabajadores mexicanos tambi\u00e9n colaboraron arduamente en el montaje de la misma.<\/p>\n\n\n\n<p><br>\u201cTodo est\u00e1 hecho por artesanos mexicanos que fueron escultores, quienes tuvieron que ir haciendo con peque\u00f1as fotograf\u00edas la escultura\u201d explic\u00f3 Antonio Berumen director General de la capilla Sixtina.<br><br><br><\/p>\n\n\n\n<p><\/p>\n","protected":false},"excerpt":{"rendered":"<p>Armando Galicia Monterrey, N. L-La r\u00e9plica de la Capilla Sixtina, espacio que recrea a detalle los interiores del emblem\u00e1tico espacio Vaticano abri\u00f3 sus puertas en Monterrey y durante dos meses los regiomontanos y turistas podr\u00e1n conocer el lugar donde los Cardenales se re\u00fanen para elegir al sucesor del Papa. Instalada en la Explanada de los [&hellip;]<\/p>\n","protected":false},"author":1,"featured_media":2357,"comment_status":"open","ping_status":"open","sticky":false,"template":"","format":"standard","meta":{"footnotes":""},"categories":[6,1],"tags":[],"_links":{"self":[{"href":"https:\/\/diariodigitalmx.com\/index.php\/wp-json\/wp\/v2\/posts\/2356"}],"collection":[{"href":"https:\/\/diariodigitalmx.com\/index.php\/wp-json\/wp\/v2\/posts"}],"about":[{"href":"https:\/\/diariodigitalmx.com\/index.php\/wp-json\/wp\/v2\/types\/post"}],"author":[{"embeddable":true,"href":"https:\/\/diariodigitalmx.com\/index.php\/wp-json\/wp\/v2\/users\/1"}],"replies":[{"embeddable":true,"href":"https:\/\/diariodigitalmx.com\/index.php\/wp-json\/wp\/v2\/comments?post=2356"}],"version-history":[{"count":1,"href":"https:\/\/diariodigitalmx.com\/index.php\/wp-json\/wp\/v2\/posts\/2356\/revisions"}],"predecessor-version":[{"id":2360,"href":"https:\/\/diariodigitalmx.com\/index.php\/wp-json\/wp\/v2\/posts\/2356\/revisions\/2360"}],"wp:featuredmedia":[{"embeddable":true,"href":"https:\/\/diariodigitalmx.com\/index.php\/wp-json\/wp\/v2\/media\/2357"}],"wp:attachment":[{"href":"https:\/\/diariodigitalmx.com\/index.php\/wp-json\/wp\/v2\/media?parent=2356"}],"wp:term":[{"taxonomy":"category","embeddable":true,"href":"https:\/\/diariodigitalmx.com\/index.php\/wp-json\/wp\/v2\/categories?post=2356"},{"taxonomy":"post_tag","embeddable":true,"href":"https:\/\/diariodigitalmx.com\/index.php\/wp-json\/wp\/v2\/tags?post=2356"}],"curies":[{"name":"wp","href":"https:\/\/api.w.org\/{rel}","templated":true}]}}