{"id":2364,"date":"2019-04-14T14:20:26","date_gmt":"2019-04-14T19:20:26","guid":{"rendered":"http:\/\/diariodigitalmx.com\/?p=2364"},"modified":"2019-04-15T07:59:26","modified_gmt":"2019-04-15T12:59:26","slug":"morena-en-favor-de-programa-contra-el-acido-escolar","status":"publish","type":"post","link":"https:\/\/diariodigitalmx.com\/index.php\/2019\/04\/14\/morena-en-favor-de-programa-contra-el-acido-escolar\/","title":{"rendered":"Morena en favor de programa contra el acoso escolar"},"content":{"rendered":"\n<p>\u25a0 <em>Legisladores de Morena solicitaran a Universidades la creaci\u00f3n de campa\u00f1as semestrales para prevenir el acoso escolar<\/em><br>\n\u25a0 <em>Mediante exhorto pedir\u00e1n que el nivel medio y superior sea obligatoria la sensibilizaci\u00f3n contra el acoso<\/em><br>\n&nbsp;<br>\nPara prevenir los casos de acoso escolar, como los sucedidos en la UANL, los diputados de morena Beatriz de los Santos, Celia Alonso y Juan Carlos Leal, solicitaran a la Secretaria de Educaci\u00f3n que mediante exhorto que presentaran, sea obligatorio que semestralmente se inicie una campa\u00f1a de sensibilizaci\u00f3n contra el acoso escolar en las universidades.<br>\nApuntaron que un &#8220;Programa de Lucha contra el Acoso Escolar&#8221;, cuyo principal objetivo es tomar medidas de car\u00e1cter permanente y estructural para prevenir el acoso escolar y erradicarlo de manera inmediata en cuanto se tenga conocimiento de alg\u00fan caso en cualquiera de las universidades del Estado.<br>\nBeatriz de los Santos, Celia Alonso Rodr\u00edguez y Juan Carlos Leal, puntualizaron que har\u00e1n modificaciones al art\u00edculo 20 bis I, a manera de que se cumplan y que pide a las autoridades el implementar programas permanentes de prevenci\u00f3n y detecci\u00f3n de conductas que impliquen violencia f\u00edsica o psicol\u00f3gica entre el alumnado, conforme lo dispone la Ley para Prevenir, Atender y Erradicar el Acoso y la Violencia Escolar en el Estado de Nuevo Le\u00f3n.<br>\n\u201cCreemos que si se crea el &#8220;Programa de Lucha contra el Acoso Escolar&#8221; debe contemplar la introducci\u00f3n de nuevos planes de formaci\u00f3n para los maestros, inspectores educativos y directores de los preparatorias y facultades, as\u00ed mismo la creaci\u00f3n de una nueva Gu\u00eda de Actuaci\u00f3n contra el acoso escolar de obligado cumplimiento para los centros escolares, la adecuaci\u00f3n de la normativa a las nuevas formas de acoso y la creaci\u00f3n de estructuras de car\u00e1cter permanente de lucha contra el acoso en los centros universitarios\u201d, dijeron las legisladoras.<br>\nPor su parte Juan Carlos Leal, diputado de morena comparti\u00f3 que muchas propuestas solo son es un dechado de buenas intenciones, que parecen m\u00e1s a una compilaci\u00f3n superficial de todas las medidas que ya existen contra el acoso escolar y los modelos estrat\u00e9gicos pierden la coherencia a fin de ayudar a atender el problema desde sus distintas y complejas aristas, y lo que se busca es que exista una obligaci\u00f3n de cumplir con un verdadero programa que abata este tipo de situaciones.<\/p>\n","protected":false},"excerpt":{"rendered":"<p>\u25a0 Legisladores de Morena solicitaran a Universidades la creaci\u00f3n de campa\u00f1as semestrales para prevenir el acoso escolar \u25a0 Mediante exhorto pedir\u00e1n que el nivel medio y superior sea obligatoria la sensibilizaci\u00f3n contra el acoso &nbsp; Para prevenir los casos de acoso escolar, como los sucedidos en la UANL, los diputados de morena Beatriz de los [&hellip;]<\/p>\n","protected":false},"author":1,"featured_media":2365,"comment_status":"open","ping_status":"open","sticky":true,"template":"","format":"standard","meta":{"footnotes":""},"categories":[6,1],"tags":[],"_links":{"self":[{"href":"https:\/\/diariodigitalmx.com\/index.php\/wp-json\/wp\/v2\/posts\/2364"}],"collection":[{"href":"https:\/\/diariodigitalmx.com\/index.php\/wp-json\/wp\/v2\/posts"}],"about":[{"href":"https:\/\/diariodigitalmx.com\/index.php\/wp-json\/wp\/v2\/types\/post"}],"author":[{"embeddable":true,"href":"https:\/\/diariodigitalmx.com\/index.php\/wp-json\/wp\/v2\/users\/1"}],"replies":[{"embeddable":true,"href":"https:\/\/diariodigitalmx.com\/index.php\/wp-json\/wp\/v2\/comments?post=2364"}],"version-history":[{"count":2,"href":"https:\/\/diariodigitalmx.com\/index.php\/wp-json\/wp\/v2\/posts\/2364\/revisions"}],"predecessor-version":[{"id":2401,"href":"https:\/\/diariodigitalmx.com\/index.php\/wp-json\/wp\/v2\/posts\/2364\/revisions\/2401"}],"wp:featuredmedia":[{"embeddable":true,"href":"https:\/\/diariodigitalmx.com\/index.php\/wp-json\/wp\/v2\/media\/2365"}],"wp:attachment":[{"href":"https:\/\/diariodigitalmx.com\/index.php\/wp-json\/wp\/v2\/media?parent=2364"}],"wp:term":[{"taxonomy":"category","embeddable":true,"href":"https:\/\/diariodigitalmx.com\/index.php\/wp-json\/wp\/v2\/categories?post=2364"},{"taxonomy":"post_tag","embeddable":true,"href":"https:\/\/diariodigitalmx.com\/index.php\/wp-json\/wp\/v2\/tags?post=2364"}],"curies":[{"name":"wp","href":"https:\/\/api.w.org\/{rel}","templated":true}]}}