{"id":2409,"date":"2019-04-15T15:27:51","date_gmt":"2019-04-15T20:27:51","guid":{"rendered":"http:\/\/diariodigitalmx.com\/?p=2409"},"modified":"2019-04-15T15:41:20","modified_gmt":"2019-04-15T20:41:20","slug":"fuego-en-catedral-de-notre-dame","status":"publish","type":"post","link":"https:\/\/diariodigitalmx.com\/index.php\/2019\/04\/15\/fuego-en-catedral-de-notre-dame\/","title":{"rendered":"Fuego en catedral de Notre Dame"},"content":{"rendered":"\n<p>Par\u00eds, Francia, 15 abril-.- &nbsp;&nbsp;La aguja central de la catedral de Notre Dame de Par\u00eds se derrumb\u00f3 este lunes devorada por un incendio que afect\u00f3 a buena parte del tejado del templo g\u00f3tico.<br><\/p>\n\n\n\n<p>Las llamas aparecieron sobre las 18.50 de la tarde, poco despu\u00e9s de la hora de cierre al p\u00fablico del monumento, que se encontraba en obras de restauraci\u00f3n.<br><\/p>\n\n\n\n<p>Fuentes oficiales indicaron que el fuego est\u00e1 afectando a todo el armaz\u00f3n que sustenta el tejado de Notre Dame, mientras que un portavoz de los bomberos destac\u00f3 las dificultades de acceso que supone el edificio.<br><\/p>\n\n\n\n<p>El alcalde del distrito 4 de la ciudad, Ariel Weil, asegur\u00f3 que todos los bomberos disponibles en la ciudad se han trasladado al lugar de los hechos.<br><\/p>\n\n\n\n<p>La alcaldesa de Par\u00eds, Anne Hidalgo, as\u00ed como varios ministros, se trasladaron hasta los aleda\u00f1os de la catedral para seguir en directo las labores de extinci\u00f3n de las llamas.<br><\/p>\n\n\n\n<p>El presidente franc\u00e9s, Emmanuel Macron, que deb\u00eda pronunciar esta noche una alocuci\u00f3n televisada, la pospuso &#8220;sine die&#8221; por el incendio y anunci\u00f3 que se trasladar\u00e1 tambi\u00e9n al lugar.<br><\/p>\n\n\n\n<p>&#8220;Toda la naci\u00f3n siente emoci\u00f3n. Pienso en todos los cat\u00f3licos y en todos los franceses. Como todos nuestros compatriotas, estoy triste de ver quemarse una parte de nosotros mismos&#8221;, escribi\u00f3 Macron en su cuenta de Twitter.<br><\/p>\n\n\n\n<p>La Fiscal\u00eda de Par\u00eds anunci\u00f3 este lunes la apertura de una investigaci\u00f3n para determinar las circunstancias del incendio que afecta a gran parte del tejado de la catedral de Notre Dame de Par\u00eds.<\/p>\n\n\n\n<p><\/p>\n\n\n\n<p>La Polic\u00eda Judicial ha sido la encargada de investigar los motivos del incendio, que se declar\u00f3 a las 18.50 horas en el techo del templo, y que todav\u00eda contin\u00faa. <br><br>&#8220;Tan terrible ver el inmenso incendio en la catedral de Notre Dame en Par\u00eds. A lo mejor, se podr\u00edan emplear aviones cisterna para apagarlo \u00a1Hay que actuar r\u00e1pido!&#8221;, escribi\u00f3 Donald Trump en un mensaje en su cuenta personal de Twitter.<br><\/p>\n\n\n\n<ul class=\"wp-block-gallery columns-2 is-cropped wp-block-gallery-1 is-layout-flex wp-block-gallery-is-layout-flex\"><li class=\"blocks-gallery-item\"><figure><img loading=\"lazy\" decoding=\"async\" width=\"160\" height=\"100\" src=\"http:\/\/diariodigitalmx.com\/wp-content\/uploads\/2019\/04\/incendio-noche-notre-dame-REUTERS.jpg\" alt=\"\" data-id=\"2413\" data-link=\"http:\/\/diariodigitalmx.com\/index.php\/2019\/04\/15\/fuego-en-catedral-de-notre-dame\/incendio-noche-notre-dame-reuters\/\" class=\"wp-image-2413\"\/><\/figure><\/li><li class=\"blocks-gallery-item\"><figure><img loading=\"lazy\" decoding=\"async\" width=\"630\" height=\"945\" src=\"http:\/\/diariodigitalmx.com\/wp-content\/uploads\/2019\/04\/4423891.jpg\" alt=\"\" data-id=\"2414\" data-link=\"http:\/\/diariodigitalmx.com\/index.php\/2019\/04\/15\/fuego-en-catedral-de-notre-dame\/attachment\/4423891\/\" class=\"wp-image-2414\" srcset=\"https:\/\/diariodigitalmx.com\/wp-content\/uploads\/2019\/04\/4423891.jpg 630w, https:\/\/diariodigitalmx.com\/wp-content\/uploads\/2019\/04\/4423891-200x300.jpg 200w\" sizes=\"(max-width: 630px) 100vw, 630px\" \/><\/figure><\/li><\/ul>\n","protected":false},"excerpt":{"rendered":"<p>Par\u00eds, Francia, 15 abril-.- &nbsp;&nbsp;La aguja central de la catedral de Notre Dame de Par\u00eds se derrumb\u00f3 este lunes devorada por un incendio que afect\u00f3 a buena parte del tejado del templo g\u00f3tico. Las llamas aparecieron sobre las 18.50 de la tarde, poco despu\u00e9s de la hora de cierre al p\u00fablico del monumento, que se [&hellip;]<\/p>\n","protected":false},"author":1,"featured_media":2412,"comment_status":"open","ping_status":"open","sticky":true,"template":"","format":"standard","meta":{"footnotes":""},"categories":[4,3,1],"tags":[],"_links":{"self":[{"href":"https:\/\/diariodigitalmx.com\/index.php\/wp-json\/wp\/v2\/posts\/2409"}],"collection":[{"href":"https:\/\/diariodigitalmx.com\/index.php\/wp-json\/wp\/v2\/posts"}],"about":[{"href":"https:\/\/diariodigitalmx.com\/index.php\/wp-json\/wp\/v2\/types\/post"}],"author":[{"embeddable":true,"href":"https:\/\/diariodigitalmx.com\/index.php\/wp-json\/wp\/v2\/users\/1"}],"replies":[{"embeddable":true,"href":"https:\/\/diariodigitalmx.com\/index.php\/wp-json\/wp\/v2\/comments?post=2409"}],"version-history":[{"count":3,"href":"https:\/\/diariodigitalmx.com\/index.php\/wp-json\/wp\/v2\/posts\/2409\/revisions"}],"predecessor-version":[{"id":2415,"href":"https:\/\/diariodigitalmx.com\/index.php\/wp-json\/wp\/v2\/posts\/2409\/revisions\/2415"}],"wp:featuredmedia":[{"embeddable":true,"href":"https:\/\/diariodigitalmx.com\/index.php\/wp-json\/wp\/v2\/media\/2412"}],"wp:attachment":[{"href":"https:\/\/diariodigitalmx.com\/index.php\/wp-json\/wp\/v2\/media?parent=2409"}],"wp:term":[{"taxonomy":"category","embeddable":true,"href":"https:\/\/diariodigitalmx.com\/index.php\/wp-json\/wp\/v2\/categories?post=2409"},{"taxonomy":"post_tag","embeddable":true,"href":"https:\/\/diariodigitalmx.com\/index.php\/wp-json\/wp\/v2\/tags?post=2409"}],"curies":[{"name":"wp","href":"https:\/\/api.w.org\/{rel}","templated":true}]}}