{"id":24118,"date":"2020-02-25T11:33:54","date_gmt":"2020-02-25T17:33:54","guid":{"rendered":"http:\/\/diariodigitalmx.com\/?p=24118"},"modified":"2020-02-25T11:33:56","modified_gmt":"2020-02-25T17:33:56","slug":"contraccion-economica-en-el-primer-ano-de-lopez-obrador","status":"publish","type":"post","link":"https:\/\/diariodigitalmx.com\/index.php\/2020\/02\/25\/contraccion-economica-en-el-primer-ano-de-lopez-obrador\/","title":{"rendered":"Contracci\u00f3n econ\u00f3mica en el primer a\u00f1o de L\u00f3pez Obrador"},"content":{"rendered":"\n<p>El Instituto Nacional de Estad\u00edstica y Geograf\u00eda (Inegi) public\u00f3 hoy&nbsp;las cifras definitivas del Producto Interno Bruto en las cuales confirm\u00f3 que la econom\u00eda se contrajo de 0.1 por ciento durante el primer a\u00f1o de la administraci\u00f3n del presidente L\u00f3pez Obrador, en t\u00e9rminos reales en el cuarto trimestre de 2019, respecto al trimestre precedente, con cifras ajustadas por estacionalidad.<\/p>\n\n\n\n<p>Con este resultado, la econom\u00eda registr\u00f3 una ca\u00edda a anual de 0.4 por ciento, lo que confirma la primera contracci\u00f3n del PIB en un a\u00f1o completo desde 2009.<\/p>\n\n\n\n<p>El Instituto detall\u00f3 que por componentes, el PIB de las actividades secundarias, es decir del sector industrial y minero, disminuy\u00f3 1.2 por ciento y el de las primarias, correspondientes al sector agr\u00edcola y pesquero retrocedi\u00f3 1.1 por ciento, en tanto que el de las terciarias, que representa al sector servicios, aument\u00f3 0.2 por ciento en el trimestre octubre-diciembre del a\u00f1o pasado frente al trimestre previo.<\/p>\n\n\n\n<p>Economistas explicaron que con lo anterior, el PIB se contrajo a una tasa anual promedio de 0.1 por ciento en los cuatro trimestres del 2019.<\/p>\n\n\n\n<p>Indicaron que con la revisi\u00f3n a la serie, el PIB mostr\u00f3 contracciones trimestrales durante cuatro trimestres consecutivos, de lo cual no se tiene registro en la serie que inicia en 1993.<\/p>\n\n\n\n<p>La serie muestra contracciones m\u00e1s profundas en 1995 y 2009, pero con duraci\u00f3n m\u00e1xima de tres trimestres consecutivos.<\/p>\n\n\n\n<p>El reporte del Inegi a\u00f1adi\u00f3 que en su comparaci\u00f3n anual, el Producto Interno Bruto tuvo un retroceso real de 0.4 por ciento en el cuarto trimestre de 2019 con relaci\u00f3n al mismo lapso de 2018.<\/p>\n\n\n\n<p>Por grandes grupos de actividades econ\u00f3micas, el PIB de las Secundarias se redujo 1.9 por ciento, mientras que el de las primarias avanz\u00f3 1.7 por ciento; por su parte, el de las terciarias no mostr\u00f3 cambio en igual periodo.<\/p>\n\n\n\n<p>En tanto, con cifras desestacionalizadas, el PIB se contrajo 0.1 por ciento, durante 2019 con respecto a 2018, puntualiz\u00f3 el Instituto.<\/p>\n","protected":false},"excerpt":{"rendered":"<p>El Instituto Nacional de Estad\u00edstica y Geograf\u00eda (Inegi) public\u00f3 hoy&nbsp;las cifras definitivas del Producto Interno Bruto en las cuales confirm\u00f3 que la econom\u00eda se contrajo de 0.1 por ciento durante el primer a\u00f1o de la administraci\u00f3n del presidente L\u00f3pez Obrador, en t\u00e9rminos reales en el cuarto trimestre de 2019, respecto al trimestre precedente, con cifras [&hellip;]<\/p>\n","protected":false},"author":1,"featured_media":24119,"comment_status":"open","ping_status":"open","sticky":true,"template":"","format":"standard","meta":{"footnotes":""},"categories":[10,5],"tags":[],"_links":{"self":[{"href":"https:\/\/diariodigitalmx.com\/index.php\/wp-json\/wp\/v2\/posts\/24118"}],"collection":[{"href":"https:\/\/diariodigitalmx.com\/index.php\/wp-json\/wp\/v2\/posts"}],"about":[{"href":"https:\/\/diariodigitalmx.com\/index.php\/wp-json\/wp\/v2\/types\/post"}],"author":[{"embeddable":true,"href":"https:\/\/diariodigitalmx.com\/index.php\/wp-json\/wp\/v2\/users\/1"}],"replies":[{"embeddable":true,"href":"https:\/\/diariodigitalmx.com\/index.php\/wp-json\/wp\/v2\/comments?post=24118"}],"version-history":[{"count":1,"href":"https:\/\/diariodigitalmx.com\/index.php\/wp-json\/wp\/v2\/posts\/24118\/revisions"}],"predecessor-version":[{"id":24120,"href":"https:\/\/diariodigitalmx.com\/index.php\/wp-json\/wp\/v2\/posts\/24118\/revisions\/24120"}],"wp:featuredmedia":[{"embeddable":true,"href":"https:\/\/diariodigitalmx.com\/index.php\/wp-json\/wp\/v2\/media\/24119"}],"wp:attachment":[{"href":"https:\/\/diariodigitalmx.com\/index.php\/wp-json\/wp\/v2\/media?parent=24118"}],"wp:term":[{"taxonomy":"category","embeddable":true,"href":"https:\/\/diariodigitalmx.com\/index.php\/wp-json\/wp\/v2\/categories?post=24118"},{"taxonomy":"post_tag","embeddable":true,"href":"https:\/\/diariodigitalmx.com\/index.php\/wp-json\/wp\/v2\/tags?post=24118"}],"curies":[{"name":"wp","href":"https:\/\/api.w.org\/{rel}","templated":true}]}}