{"id":24121,"date":"2020-02-25T11:38:45","date_gmt":"2020-02-25T17:38:45","guid":{"rendered":"http:\/\/diariodigitalmx.com\/?p=24121"},"modified":"2020-02-25T11:39:25","modified_gmt":"2020-02-25T17:39:25","slug":"sanders-defiende-algunos-logros-de-fidel-castro-lo-critican-en-su-partido","status":"publish","type":"post","link":"https:\/\/diariodigitalmx.com\/index.php\/2020\/02\/25\/sanders-defiende-algunos-logros-de-fidel-castro-lo-critican-en-su-partido\/","title":{"rendered":"Sanders defiende algunos logros de Fidel Castro; lo critican en su partido"},"content":{"rendered":"\n<p>*\u201c\u00bfEs malo que\ndiga que Fidel hizo un programa de alfabetizaci\u00f3n masiva?\u201d. \u201cYa tenemos un\npresidente (Trump) que alaba a los dictadores; no necesitamos otro\u201d: Biden<\/p>\n\n\n\n<p>Los comentarios sobre Cuba del\nsenador Bernie Sanders, quien lleva por ahora la delantera en las primarias\ndem\u00f3cratas de cara a las elecciones presidenciales de 2020, le han valido\ncr\u00edticas m\u00e1s agrias en pol\u00edticos de su propio partido que en el lado republicano,\nsobre todo en Florida.<\/p>\n\n\n\n<p>Las\npalabras que tanta polvareda han levantado las pronunci\u00f3 Sanders en una\nentrevista con el periodista de CNN, Anderson Cooper, cuando le pregunt\u00f3 por\nsus simpat\u00edas de juventud hacia los sandinistas en Nicaragua y la revoluci\u00f3n en\nCuba.<\/p>\n\n\n\n<p>\u201cSomos\nmuy opuestos a la naturaleza autoritaria de Cuba pero, usted sabe, es injusto\ndecir simplemente que todo est\u00e1 mal. Cuando Fidel Castro lleg\u00f3 al poder, \u00bfsabe\nlo que hizo?, un programa de alfabetizaci\u00f3n masiva. \u00bfEs eso malo por m\u00e1s que haya\nsido Castro el que lo hizo?\u201d, afirm\u00f3 el senador de 78 a\u00f1os, que ha ganado en\ndos de los tres estados donde se han celebrado hasta ahora primarias para\nelegir al candidato dem\u00f3crata a la Casa Blanca, pese a declararse socialista.<\/p>\n\n\n\n<p>Cuando\nAnderson le dijo que hay muchos opositores detenidos en Cuba, Sanders respondi\u00f3\nque es cierto y que lo condena y precis\u00f3 que, al contrario que Donald Trump, no\ncree que el l\u00edder norcoreano Kim Jong-un sea un \u201cbuen amigo\u201d ni le escribe\n\u201ccartas de amor\u201d.<\/p>\n\n\n\n<p>Tal\u00f3n\nde Aquiles. Las pol\u00e9micas declaraciones de Sanders fueron de inmediato\nrecogidas por sus tres rivales m\u00e1s inmediatos en la carrera dem\u00f3crata.<\/p>\n\n\n\n<p>\u201cYa\ntenemos un presidente (Donald Trump) que alaba a los dictadores y sus\ntendencias mafiosas; no necesitamos otro. Como presidente, Joe Biden se\nlevantar\u00e1 en el escenario global contra los tiranos y luchar\u00e1 por la libertad y\nla democracia\u201d, dijo Alex Crist\u00f3bal, asesor del exvicepresidente, al acusar a\nSanders de tener \u201cun patr\u00f3n\u201d de \u201cabrazar a l\u00edderes y gobiernos autocr\u00e1ticos de\ntodo el mundo\u201d.<\/p>\n\n\n\n<p>En\nel mismo sentido se pronunci\u00f3 Pete Buttigieg. \u201cNecesitamos un presidente que\nsea extremadamente claro en su postura contra los reg\u00edmenes que violan los\nderechos humanos. No podemos arriesgarnos a nominar a alguien que no reconozca\neso\u201d.<\/p>\n\n\n\n<p>El\nexalcalde de Nueva York, Michael Bloomberg, seg\u00fan una encuesta de la semana\npasada, el \u00fanico dem\u00f3crata que vencer\u00eda a Trump en Florida si las elecciones\nfueran ahora, no desaprovech\u00f3 la oportunidad de atacar a Sanders y lo hizo con\niron\u00eda. \u201cFidel Castro dej\u00f3 un oscuro legado de campos de trabajos forzados,\nrepresi\u00f3n religiosa, pobreza por doquier, pelotones de fusilamiento y el\nasesinato de miles de personas de su propio pueblo. Pero, Bernie, por supuesto,\nhablemos de su programa de alfabetizaci\u00f3n\u201d, dijo.<\/p>\n","protected":false},"excerpt":{"rendered":"<p>*\u201c\u00bfEs malo que diga que Fidel hizo un programa de alfabetizaci\u00f3n masiva?\u201d. \u201cYa tenemos un presidente (Trump) que alaba a los dictadores; no necesitamos otro\u201d: Biden Los comentarios sobre Cuba del senador Bernie Sanders, quien lleva por ahora la delantera en las primarias dem\u00f3cratas de cara a las elecciones presidenciales de 2020, le han valido [&hellip;]<\/p>\n","protected":false},"author":1,"featured_media":24124,"comment_status":"open","ping_status":"open","sticky":true,"template":"","format":"standard","meta":{"footnotes":""},"categories":[4,5],"tags":[],"_links":{"self":[{"href":"https:\/\/diariodigitalmx.com\/index.php\/wp-json\/wp\/v2\/posts\/24121"}],"collection":[{"href":"https:\/\/diariodigitalmx.com\/index.php\/wp-json\/wp\/v2\/posts"}],"about":[{"href":"https:\/\/diariodigitalmx.com\/index.php\/wp-json\/wp\/v2\/types\/post"}],"author":[{"embeddable":true,"href":"https:\/\/diariodigitalmx.com\/index.php\/wp-json\/wp\/v2\/users\/1"}],"replies":[{"embeddable":true,"href":"https:\/\/diariodigitalmx.com\/index.php\/wp-json\/wp\/v2\/comments?post=24121"}],"version-history":[{"count":1,"href":"https:\/\/diariodigitalmx.com\/index.php\/wp-json\/wp\/v2\/posts\/24121\/revisions"}],"predecessor-version":[{"id":24122,"href":"https:\/\/diariodigitalmx.com\/index.php\/wp-json\/wp\/v2\/posts\/24121\/revisions\/24122"}],"wp:featuredmedia":[{"embeddable":true,"href":"https:\/\/diariodigitalmx.com\/index.php\/wp-json\/wp\/v2\/media\/24124"}],"wp:attachment":[{"href":"https:\/\/diariodigitalmx.com\/index.php\/wp-json\/wp\/v2\/media?parent=24121"}],"wp:term":[{"taxonomy":"category","embeddable":true,"href":"https:\/\/diariodigitalmx.com\/index.php\/wp-json\/wp\/v2\/categories?post=24121"},{"taxonomy":"post_tag","embeddable":true,"href":"https:\/\/diariodigitalmx.com\/index.php\/wp-json\/wp\/v2\/tags?post=24121"}],"curies":[{"name":"wp","href":"https:\/\/api.w.org\/{rel}","templated":true}]}}