{"id":24133,"date":"2020-02-25T12:18:22","date_gmt":"2020-02-25T18:18:22","guid":{"rendered":"http:\/\/diariodigitalmx.com\/?p=24133"},"modified":"2020-02-25T12:18:24","modified_gmt":"2020-02-25T18:18:24","slug":"el-abuso-policial-producto-del-estres-de-los-policias-aldo-fasci-titular-de-seguridad-en-nl","status":"publish","type":"post","link":"https:\/\/diariodigitalmx.com\/index.php\/2020\/02\/25\/el-abuso-policial-producto-del-estres-de-los-policias-aldo-fasci-titular-de-seguridad-en-nl\/","title":{"rendered":"El abuso policial, producto del estr\u00e9s de los polic\u00edas: Aldo Fasci, titular de Seguridad en NL"},"content":{"rendered":"\n<p>Monterrey,\nN. L.- Para el secretario de Seguridad P\u00fablica, Aldo Fasci, el estr\u00e9s en las calles\nes uno de los principales factores para el incremento en denuncias por abuso\npolicial y recomienda buscar el control de los impulsos y bajarles lo estresado.<\/p>\n\n\n\n<p>&nbsp;&#8220;Hay mucho estr\u00e9s en la calle, esta guerra\ncontra el crimen organizado, esta leg\u00edtima forma de protestar de la gente. Todo\nmundo se opone a una detenci\u00f3n. Hay falta de respeto, falta de valores, la\ncantidad de drogas que hay en la calle&#8230; todo eso complica la situaci\u00f3n&#8221;.<\/p>\n\n\n\n<p>&#8220;Todas\nlas Polic\u00edas en este Pa\u00eds est\u00e1n sufriendo muchas agresiones, y lo que tenemos\nque hacer es meternos al control de los impulsos, tenemos que bajarles el\nestr\u00e9s\u201d.<\/p>\n\n\n\n<p>Para el\nfuncionario todo se debe al estr\u00e9s que hay en la calle y que incluye al\nciudadano tanto como a los polic\u00edas ya que, muchas de las personas que cometen\nalguna falta administrativa se resisten a un arresto o agreden a los elementos\nde seguridad, y \u00e9stos responden tambi\u00e9n en forma incorrecta.<br>\n<br>\n&#8220;La sociedad tambi\u00e9n est\u00e1 estresada, hay que entenderlo, en la calle,\nliteralmente a la hora de los golpes vienen estos impulsos que hay que detener\nen los 15 mil polic\u00edas que hay en el Estado entre estatales y municipales&#8221;,\nexplica el secretario de Seguridad de Nuevo Le\u00f3n.<\/p>\n\n\n\n<p>Aldo Fasci\nrevela que las pruebas de control de confianza no revelan posibles conductas\nagresivas de los polic\u00edas, y aunque el Certificado \u00danico Policial que ya se\naplica en el Estado contiene otro tipo de evaluaciones, el avance es lento,\nreconoce.<\/p>\n\n\n\n<p>Puntualiza\nque en una prueba que se aplic\u00f3 a 8500 polic\u00edas, \u00e9stos tienen un nivel de estr\u00e9s\nmuy alto y recomienda cambiar de funci\u00f3n a algunos, a otros atenderlos y unos\nm\u00e1s ya no deben estar en la corporaci\u00f3n.<\/p>\n\n\n\n<p>Acept\u00f3 la\nexistencia de excesos que son falta de protocolos y que, las detenciones\nilegales son el 2 por ciento y agrega que se mantiene en pl\u00e1ticas con la\nFiscal\u00eda pues no en todos los casos hay un delio y la sanci\u00f3n es de tipo\nadministrativo.<\/p>\n\n\n\n<p>Por otro\nlado, el reciente informe de la Comisi\u00f3n Estatal de Derechos Humanos de Nuevo Le\u00f3n\nse\u00f1ala que la Secretar\u00eda de Seguridad P\u00fablica se ubica en el segundo lugar,\ntras de la Fiscal\u00eda que ocupa el primero, en lo que se refiere a la violaci\u00f3n\nde las garant\u00edas y derechos de los ciudadanos.<\/p>\n","protected":false},"excerpt":{"rendered":"<p>Monterrey, N. L.- Para el secretario de Seguridad P\u00fablica, Aldo Fasci, el estr\u00e9s en las calles es uno de los principales factores para el incremento en denuncias por abuso policial y recomienda buscar el control de los impulsos y bajarles lo estresado. &nbsp;&#8220;Hay mucho estr\u00e9s en la calle, esta guerra contra el crimen organizado, esta [&hellip;]<\/p>\n","protected":false},"author":1,"featured_media":24134,"comment_status":"open","ping_status":"open","sticky":true,"template":"","format":"standard","meta":{"footnotes":""},"categories":[6,3,5],"tags":[],"_links":{"self":[{"href":"https:\/\/diariodigitalmx.com\/index.php\/wp-json\/wp\/v2\/posts\/24133"}],"collection":[{"href":"https:\/\/diariodigitalmx.com\/index.php\/wp-json\/wp\/v2\/posts"}],"about":[{"href":"https:\/\/diariodigitalmx.com\/index.php\/wp-json\/wp\/v2\/types\/post"}],"author":[{"embeddable":true,"href":"https:\/\/diariodigitalmx.com\/index.php\/wp-json\/wp\/v2\/users\/1"}],"replies":[{"embeddable":true,"href":"https:\/\/diariodigitalmx.com\/index.php\/wp-json\/wp\/v2\/comments?post=24133"}],"version-history":[{"count":1,"href":"https:\/\/diariodigitalmx.com\/index.php\/wp-json\/wp\/v2\/posts\/24133\/revisions"}],"predecessor-version":[{"id":24135,"href":"https:\/\/diariodigitalmx.com\/index.php\/wp-json\/wp\/v2\/posts\/24133\/revisions\/24135"}],"wp:featuredmedia":[{"embeddable":true,"href":"https:\/\/diariodigitalmx.com\/index.php\/wp-json\/wp\/v2\/media\/24134"}],"wp:attachment":[{"href":"https:\/\/diariodigitalmx.com\/index.php\/wp-json\/wp\/v2\/media?parent=24133"}],"wp:term":[{"taxonomy":"category","embeddable":true,"href":"https:\/\/diariodigitalmx.com\/index.php\/wp-json\/wp\/v2\/categories?post=24133"},{"taxonomy":"post_tag","embeddable":true,"href":"https:\/\/diariodigitalmx.com\/index.php\/wp-json\/wp\/v2\/tags?post=24133"}],"curies":[{"name":"wp","href":"https:\/\/api.w.org\/{rel}","templated":true}]}}