{"id":24136,"date":"2020-02-25T14:46:02","date_gmt":"2020-02-25T20:46:02","guid":{"rendered":"http:\/\/diariodigitalmx.com\/?p=24136"},"modified":"2020-02-25T14:47:57","modified_gmt":"2020-02-25T20:47:57","slug":"24136","status":"publish","type":"post","link":"https:\/\/diariodigitalmx.com\/index.php\/2020\/02\/25\/24136\/","title":{"rendered":"\ufeffEs hora de poner manos a la obra por la protecci\u00f3n de los derechos de las y los trabajadores: Zo\u00e9 Robledo"},"content":{"rendered":"\n<p><br><\/p>\n\n\n\n<ul><li><strong>El director general del IMSS destac\u00f3 que tras la participaci\u00f3n de diversas instancias en los Parlamentos Abiertos en Materia de Subcontrataci\u00f3n, se debe trabajar en una misma causa.<\/strong><\/li><li><strong>Desde el Seguro Social celebramos que las opiniones y planteamientos tengan la posibilidad de ser incorporados a los textos normativos, subray\u00f3<\/strong><strong><em>.<\/em><\/strong><\/li><\/ul>\n\n\n\n<p>El director general del Instituto Mexicano del Seguro Social (IMSS), Zo\u00e9 Robledo afirm\u00f3 que tras la participaci\u00f3n del Gobierno, legisladores y sector empresarial en los Parlamentos Abiertos en Materia de Subcontrataci\u00f3n, es hora de poner manos a la obra y trabajar en la protecci\u00f3n de los derechos de las y los trabajadores de M\u00e9xico contra la subcontrataci\u00f3n abusiva.<br><\/p>\n\n\n\n<p>Durante la Primera Mesa de Trabajo en Materia de Subcontrataci\u00f3n, que se efectu\u00f3 en el Sal\u00f3n de Protocolo de la Junta de Coordinaci\u00f3n Pol\u00edtica del Senado de la Rep\u00fablica, el titular del IMSS celebr\u00f3 que, a diferencia del pasado, las opiniones y planteamientos de los distintos actores involucrados en el combate al <em>Outsourcing<\/em> ilegal hoy tengan la posibilidad de ser incorporados a los textos normativos.<br><\/p>\n\n\n\n<p>Record\u00f3 que el d\u00eda que recibi\u00f3 la invitaci\u00f3n a participar en el Parlamento Abierto, para el Seguro Social fue la oportunidad de dar una opini\u00f3n y decir cu\u00e1les son las afectaciones institucionales, a la competitividad econ\u00f3mica y a las propias empresas.<\/p>\n\n\n\n<p><br><\/p>\n\n\n\n<figure class=\"wp-block-image\"><img loading=\"lazy\" decoding=\"async\" width=\"1024\" height=\"682\" src=\"http:\/\/diariodigitalmx.com\/wp-content\/uploads\/2020\/02\/IMG-20200225-WA0010-1024x682.jpg\" alt=\"\" class=\"wp-image-24141\" srcset=\"https:\/\/diariodigitalmx.com\/wp-content\/uploads\/2020\/02\/IMG-20200225-WA0010.jpg 1024w, https:\/\/diariodigitalmx.com\/wp-content\/uploads\/2020\/02\/IMG-20200225-WA0010-300x200.jpg 300w, https:\/\/diariodigitalmx.com\/wp-content\/uploads\/2020\/02\/IMG-20200225-WA0010-768x512.jpg 768w\" sizes=\"(max-width: 1024px) 100vw, 1024px\" \/><\/figure>\n\n\n\n<p>Zo\u00e9 Robledo afirm\u00f3 que lo m\u00e1s importante y que no debe olvidarse es que este tipo de esquemas ilegales impactan a las y los trabajadores, pues se abarata el costo de la mano de obra, disminuyen sus ingresos y prestaciones, y hay menor estabilidad en el empleo.<br><\/p>\n\n\n\n<p>\u201cEstoy seguro y espero que siempre sea la raz\u00f3n por la que estos espacios son tan concurridos y generan tanta atenci\u00f3n, porque estamos todos preocupados, nosotros desde nuestra trinchera institucional, ustedes como patrones, y desde luego, los representantes populares\u201d, enfatiz\u00f3.<br><\/p>\n\n\n\n<p>Destac\u00f3 que los Parlamentos Abiertos que se efectuaron en el Senado y en la C\u00e1mara de Diputados, as\u00ed como esta primera mesa representan una gran oportunidad para que se puedan incorporar opiniones que parec\u00edan encontradas, que las voces sean escuchadas y tengan una consecuencia y una proyecci\u00f3n.<br><\/p>\n\n\n\n<p>Estuvieron presentes en la Primera Mesa de Trabajo en Materia de Subcontrataci\u00f3n, el coordinador de Morena en el Senado, Ricardo Monreal \u00c1vila; la Secretaria del Trabajo y Previsi\u00f3n Social, Luisa Mar\u00eda Alcalde Luj\u00e1n; el titular de la Unidad de Inteligencia Financiera, Santiago Nieto Castillo; el director general del Infonavit, Carlos Mart\u00ednez Vel\u00e1zquez; el presidente del Consejo Mexicano de Negocios, Antonio del Valle; el presidente de CONCAMIN, Francisco Cervantes D\u00edaz, y legisladores de todos los grupos parlamentarios, entre otros.<\/p>\n","protected":false},"excerpt":{"rendered":"<p>El director general del IMSS destac\u00f3 que tras la participaci\u00f3n de diversas instancias en los Parlamentos Abiertos en Materia de Subcontrataci\u00f3n, se debe trabajar en una misma causa. Desde el Seguro Social celebramos que las opiniones y planteamientos tengan la posibilidad de ser incorporados a los textos normativos, subray\u00f3. El director general del Instituto Mexicano [&hellip;]<\/p>\n","protected":false},"author":1,"featured_media":24140,"comment_status":"open","ping_status":"open","sticky":true,"template":"","format":"standard","meta":{"footnotes":""},"categories":[2,5],"tags":[],"_links":{"self":[{"href":"https:\/\/diariodigitalmx.com\/index.php\/wp-json\/wp\/v2\/posts\/24136"}],"collection":[{"href":"https:\/\/diariodigitalmx.com\/index.php\/wp-json\/wp\/v2\/posts"}],"about":[{"href":"https:\/\/diariodigitalmx.com\/index.php\/wp-json\/wp\/v2\/types\/post"}],"author":[{"embeddable":true,"href":"https:\/\/diariodigitalmx.com\/index.php\/wp-json\/wp\/v2\/users\/1"}],"replies":[{"embeddable":true,"href":"https:\/\/diariodigitalmx.com\/index.php\/wp-json\/wp\/v2\/comments?post=24136"}],"version-history":[{"count":3,"href":"https:\/\/diariodigitalmx.com\/index.php\/wp-json\/wp\/v2\/posts\/24136\/revisions"}],"predecessor-version":[{"id":24142,"href":"https:\/\/diariodigitalmx.com\/index.php\/wp-json\/wp\/v2\/posts\/24136\/revisions\/24142"}],"wp:featuredmedia":[{"embeddable":true,"href":"https:\/\/diariodigitalmx.com\/index.php\/wp-json\/wp\/v2\/media\/24140"}],"wp:attachment":[{"href":"https:\/\/diariodigitalmx.com\/index.php\/wp-json\/wp\/v2\/media?parent=24136"}],"wp:term":[{"taxonomy":"category","embeddable":true,"href":"https:\/\/diariodigitalmx.com\/index.php\/wp-json\/wp\/v2\/categories?post=24136"},{"taxonomy":"post_tag","embeddable":true,"href":"https:\/\/diariodigitalmx.com\/index.php\/wp-json\/wp\/v2\/tags?post=24136"}],"curies":[{"name":"wp","href":"https:\/\/api.w.org\/{rel}","templated":true}]}}