{"id":24143,"date":"2020-02-25T17:12:46","date_gmt":"2020-02-25T23:12:46","guid":{"rendered":"http:\/\/diariodigitalmx.com\/?p=24143"},"modified":"2020-02-25T17:17:19","modified_gmt":"2020-02-25T23:17:19","slug":"es-una-lucha-contra-la-gente-que-nos-lastima-el-9-de-marzo-marcara-la-historia-y-sembrara-conciencia-regidora-thalina-almaraz","status":"publish","type":"post","link":"https:\/\/diariodigitalmx.com\/index.php\/2020\/02\/25\/es-una-lucha-contra-la-gente-que-nos-lastima-el-9-de-marzo-marcara-la-historia-y-sembrara-conciencia-regidora-thalina-almaraz\/","title":{"rendered":"Es una lucha contra la gente que nos lastima, el 9 de marzo marcar\u00e1 la historia y sembrar\u00e1 conciencia: Regidora Thalina Almaraz"},"content":{"rendered":"\n<p><br> La regidora por Monterrey, Thalina Almaraz Gonz\u00e1lez propuso convocar a ediles y representantes de dependencias para crear pol\u00edticas p\u00fablicas que sean analizadas tambi\u00e9n por una comisi\u00f3n para erradicar la violencia contra las mujeres.<br> <br> \u201cPropongo a este ayuntamiento, que a la brevedad se realicen mesas de trabajo en las distintas comisiones y con las distintas dependencias, y que se cree una Comisi\u00f3n para Erradicar la Violencia contra las Mujeres, en donde podamos seguir elaborando propuestas de soluci\u00f3n a este grave problema, y que en conjunto con los distintos niveles y \u00f3rdenes de gobierno y con la sociedad civil&nbsp; redoblemos todos los esfuerzos y construyamos una estrategia integral y eficaz\u201d, expuso la edil durante la sesi\u00f3n del Cabildo regiomontano.&nbsp;<\/p>\n\n\n\n<p>Almaraz Gonz\u00e1lez dijo que no se trata\nde seridealistas, que no\nhay otra opci\u00f3n, el camino debe ser la lucha de todas y todos y el resultado la\nerradicaci\u00f3n total de la violencia&nbsp;contra\nlas mujeres en todo el Pa\u00eds.<\/p>\n\n\n\n<p>&#8220;Este tema se tiene que trabajar a diario\nen todas las oficinas, escuelas, casas&#8221;, a\u00f1adi\u00f3 Almaraz. Estoy segura que\neste 9 de marzo marcar\u00e1 la historia, y sembrar\u00e1 conciencia en quienes no han\ndimensionado la gravedad de esta situaci\u00f3n, en quienes la minimizan o&nbsp;quienes\npiensan que est\u00e1n exentos\u201d, apunt\u00f3 al referirse al movimiento de mujeres ya\nanunciado a nivel nacional.&nbsp;<\/p>\n\n\n\n<p> Para la regidora a\u00fan se puede hacer m\u00e1s, que nunca ser\u00e1 suficiente el esfuerzo el cual hay que redoblar ante la demanda y el grito desesperado de auxilio de todas las mujeres que \u201cqueremos salir a la calle sin miedo a ser violentadas por el simple hecho de ser mujer\u201d.&nbsp;&nbsp;<\/p>\n\n\n\n<p> \u201cLa perspectiva de g\u00e9nero se tiene que aplicar en todas las \u00e1reas en todas las dependencias y en cada pol\u00edtica p\u00fablica.&nbsp;Por eso creo que debemos llevar este tema al m\u00e1ximo nivel de este gobierno municipal que es este \u00f3rgano colegiado\u201d, puntualiz\u00f3.<\/p>\n\n\n\n<p>&nbsp;\u201cEsta no es una lucha de mujeres contra\nhombres, de un grupo contra otro, de un color o de otro, esta es una lucha de\ngente buena contra gente mala que nos lastima y nos violenta a diario, por eso\nen esta lucha necesitamos la uni\u00f3n de toda la gente buena, por nuestras madres,\npor nuestras hermanas, por nuestras hijas, por todas nosotras, no dejemos de\nalzar la voz\u201d, destac\u00f3 Almaraz Gonz\u00e1lez<\/p>\n","protected":false},"excerpt":{"rendered":"<p>La regidora por Monterrey, Thalina Almaraz Gonz\u00e1lez propuso convocar a ediles y representantes de dependencias para crear pol\u00edticas p\u00fablicas que sean analizadas tambi\u00e9n por una comisi\u00f3n para erradicar la violencia contra las mujeres. \u201cPropongo a este ayuntamiento, que a la brevedad se realicen mesas de trabajo en las distintas comisiones y con las distintas dependencias, [&hellip;]<\/p>\n","protected":false},"author":1,"featured_media":24146,"comment_status":"open","ping_status":"open","sticky":true,"template":"","format":"standard","meta":{"footnotes":""},"categories":[14,6],"tags":[],"_links":{"self":[{"href":"https:\/\/diariodigitalmx.com\/index.php\/wp-json\/wp\/v2\/posts\/24143"}],"collection":[{"href":"https:\/\/diariodigitalmx.com\/index.php\/wp-json\/wp\/v2\/posts"}],"about":[{"href":"https:\/\/diariodigitalmx.com\/index.php\/wp-json\/wp\/v2\/types\/post"}],"author":[{"embeddable":true,"href":"https:\/\/diariodigitalmx.com\/index.php\/wp-json\/wp\/v2\/users\/1"}],"replies":[{"embeddable":true,"href":"https:\/\/diariodigitalmx.com\/index.php\/wp-json\/wp\/v2\/comments?post=24143"}],"version-history":[{"count":2,"href":"https:\/\/diariodigitalmx.com\/index.php\/wp-json\/wp\/v2\/posts\/24143\/revisions"}],"predecessor-version":[{"id":24147,"href":"https:\/\/diariodigitalmx.com\/index.php\/wp-json\/wp\/v2\/posts\/24143\/revisions\/24147"}],"wp:featuredmedia":[{"embeddable":true,"href":"https:\/\/diariodigitalmx.com\/index.php\/wp-json\/wp\/v2\/media\/24146"}],"wp:attachment":[{"href":"https:\/\/diariodigitalmx.com\/index.php\/wp-json\/wp\/v2\/media?parent=24143"}],"wp:term":[{"taxonomy":"category","embeddable":true,"href":"https:\/\/diariodigitalmx.com\/index.php\/wp-json\/wp\/v2\/categories?post=24143"},{"taxonomy":"post_tag","embeddable":true,"href":"https:\/\/diariodigitalmx.com\/index.php\/wp-json\/wp\/v2\/tags?post=24143"}],"curies":[{"name":"wp","href":"https:\/\/api.w.org\/{rel}","templated":true}]}}