{"id":24168,"date":"2020-02-26T08:37:35","date_gmt":"2020-02-26T14:37:35","guid":{"rendered":"http:\/\/diariodigitalmx.com\/?p=24168"},"modified":"2020-02-26T08:39:17","modified_gmt":"2020-02-26T14:39:17","slug":"24168","status":"publish","type":"post","link":"https:\/\/diariodigitalmx.com\/index.php\/2020\/02\/26\/24168\/","title":{"rendered":"Afectar\u00e1 a miles de extranjeros, ajuste de estatus migratorio si pidieron beneficios al gobierno"},"content":{"rendered":"\n<p><strong><em>Por Rogelio Romero<\/em><\/strong><\/p>\n\n\n\n<p><strong><em>McAllen, Tx.- Miles de extranjeros que solicitan la residencia permanente y pasaporte para continuar en el pa\u00eds como \u201cno migrante\u201d, podr\u00edan verse afectados, si pidieron beneficios m\u00e9dicos y sociales al gobierno estadounidense.<\/em><\/strong><\/p>\n\n\n\n<p><strong><em>La nueva ley migratoria que entr\u00f3 en vigor esta semana, establece la definici\u00f3n de \u201ccarga para el Estado\u201d a una persona que durante su proceso de tramitaci\u00f3n de residencia y&nbsp;&nbsp;vive en el pa\u00eds, haya solicitado apoyos de bienestar social, entre ellos los cupones para comida, que distribuye el gobierno a los grupos sociales m\u00e1s desprotegidos.<\/em><\/strong><\/p>\n\n\n\n<p><strong><em>Las autoridades migratorias calculan que anualmente, se revisar\u00edan unos 380,000 casos de personas, que buscan ajustar su estatus migratorio para saber si son o no considerados bajo esta ley federal.<\/em><\/strong><\/p>\n\n\n\n<p><strong><em>Si los extranjeros que aplican para ajustar su estatus de permanencia en el pa\u00eds, resultan con indicios de haber pedido beneficios sociales de salud, vivienda o apoyo financiero podr\u00edan ver negada su petici\u00f3n migratoria.<\/em><\/strong><\/p>\n\n\n\n<p><strong><em>Esto incluye a solicitantes de visas no migrantes que hayan hecho lo mismo y en lo que fue catalogado por organizaciones sociales como una injusticia.<\/em><\/strong><\/p>\n\n\n\n<p><strong><em>La organizaci\u00f3n comunitaria \u201cLa Uni\u00f3n del Pueblo Entero\u201d a trav\u00e9s de su l\u00edder, Juanita Valdez de Cox, consider\u00f3 que; \u201c la ley puesta en marcha por la administraci\u00f3n del presidente Trump es inequitativa y excluyente, as\u00ed como una forma m\u00e1s de negar la entrada legal al pa\u00eds a cientos de migrantes\u201d.<\/em><\/strong><\/p>\n","protected":false},"excerpt":{"rendered":"<p>Por Rogelio Romero McAllen, Tx.- Miles de extranjeros que solicitan la residencia permanente y pasaporte para continuar en el pa\u00eds como \u201cno migrante\u201d, podr\u00edan verse afectados, si pidieron beneficios m\u00e9dicos y sociales al gobierno estadounidense. La nueva ley migratoria que entr\u00f3 en vigor esta semana, establece la definici\u00f3n de \u201ccarga para el Estado\u201d a una [&hellip;]<\/p>\n","protected":false},"author":1,"featured_media":24173,"comment_status":"open","ping_status":"open","sticky":true,"template":"","format":"standard","meta":{"footnotes":""},"categories":[4,5],"tags":[],"_links":{"self":[{"href":"https:\/\/diariodigitalmx.com\/index.php\/wp-json\/wp\/v2\/posts\/24168"}],"collection":[{"href":"https:\/\/diariodigitalmx.com\/index.php\/wp-json\/wp\/v2\/posts"}],"about":[{"href":"https:\/\/diariodigitalmx.com\/index.php\/wp-json\/wp\/v2\/types\/post"}],"author":[{"embeddable":true,"href":"https:\/\/diariodigitalmx.com\/index.php\/wp-json\/wp\/v2\/users\/1"}],"replies":[{"embeddable":true,"href":"https:\/\/diariodigitalmx.com\/index.php\/wp-json\/wp\/v2\/comments?post=24168"}],"version-history":[{"count":3,"href":"https:\/\/diariodigitalmx.com\/index.php\/wp-json\/wp\/v2\/posts\/24168\/revisions"}],"predecessor-version":[{"id":24171,"href":"https:\/\/diariodigitalmx.com\/index.php\/wp-json\/wp\/v2\/posts\/24168\/revisions\/24171"}],"wp:featuredmedia":[{"embeddable":true,"href":"https:\/\/diariodigitalmx.com\/index.php\/wp-json\/wp\/v2\/media\/24173"}],"wp:attachment":[{"href":"https:\/\/diariodigitalmx.com\/index.php\/wp-json\/wp\/v2\/media?parent=24168"}],"wp:term":[{"taxonomy":"category","embeddable":true,"href":"https:\/\/diariodigitalmx.com\/index.php\/wp-json\/wp\/v2\/categories?post=24168"},{"taxonomy":"post_tag","embeddable":true,"href":"https:\/\/diariodigitalmx.com\/index.php\/wp-json\/wp\/v2\/tags?post=24168"}],"curies":[{"name":"wp","href":"https:\/\/api.w.org\/{rel}","templated":true}]}}