{"id":2436,"date":"2019-04-16T08:41:37","date_gmt":"2019-04-16T13:41:37","guid":{"rendered":"http:\/\/diariodigitalmx.com\/?p=2436"},"modified":"2019-04-16T08:41:38","modified_gmt":"2019-04-16T13:41:38","slug":"oraciones-lagrimas-y-conmocion-mundial-por-la-tragedia-en-notre-dame","status":"publish","type":"post","link":"https:\/\/diariodigitalmx.com\/index.php\/2019\/04\/16\/oraciones-lagrimas-y-conmocion-mundial-por-la-tragedia-en-notre-dame\/","title":{"rendered":"Oraciones, l\u00e1grimas y conmoci\u00f3n mundial por la tragedia en Notre Dame"},"content":{"rendered":"\n<figure class=\"wp-block-image\"><img loading=\"lazy\" decoding=\"async\" width=\"700\" height=\"465\" src=\"http:\/\/diariodigitalmx.com\/wp-content\/uploads\/2019\/04\/2019-04-15_09-04-41___5118.jpg\" alt=\"\" class=\"wp-image-2437\" srcset=\"https:\/\/diariodigitalmx.com\/wp-content\/uploads\/2019\/04\/2019-04-15_09-04-41___5118.jpg 700w, https:\/\/diariodigitalmx.com\/wp-content\/uploads\/2019\/04\/2019-04-15_09-04-41___5118-300x199.jpg 300w\" sizes=\"(max-width: 700px) 100vw, 700px\" \/><\/figure>\n\n\n\n<p><\/p>\n\n\n\n<p>Par\u00eds, Francia.- El devastador incendio que ayer consumi\u00f3 la catedral parisina de Notre Dame conmocion\u00f3 al mundo, que no cesa de lamentar la tragedia que embarga a un templo s\u00edmbolo de Par\u00eds, de Francia, de su historia y del mundo cat\u00f3lico.<br><\/p>\n\n\n\n<p>En Par\u00eds, una multitud de franceses y turistas estupefactos, muchos llorando y rezando, miraba con horror c\u00f3mo las llamas devoraban la emblem\u00e1tica catedral.<br><br>\u201cLa historia de Francia se est\u00e1 quemando\u201d, dijo un joven galo al observar que la c\u00fapula de la catedral se desfiguraba. A estas expresiones surgieron otras como: \u201cDios m\u00edo, ya nada ser\u00e1 igual\u201d.<br><br>En el mundo las reacciones no se hicieron esperar: El presidente de M\u00e9xico, Andr\u00e9s Manuel L\u00f3pez Obrador, lament\u00f3 el incendio en la catedral de Notre Dame y la calific\u00f3 de \u201cdesgracia para el arte, la cultura y la religi\u00f3n\u201d.<br><br>\u201cQu\u00e9 triste espect\u00e1culo. Qu\u00e9 horror. Comparto la emoci\u00f3n de Francia, que tambi\u00e9n es la nuestra\u201d, dijo el presidente de la Comisi\u00f3n Europea, Jean-Claude Juncker, quien record\u00f3 que Notre Dame pertenece a toda la humanidad.<br><br>La premier brit\u00e1nica, Theresa May, expres\u00f3 su apoyo a Francia: \u201cMis pensamientos esta noche est\u00e1n con las personas de Francia y con los servicios de emergencias que luchan contra el terrible incendio en la catedral de Notre Dame\u201d.<br><br>El presidente colombiano, Iv\u00e1n Duque, dijo que su pa\u00eds \u201cacompa\u00f1a el dolor del pueblo franc\u00e9s, sus autoridades y de la Iglesia\u201d.<br><br>La canciller alemana, Angela Merkel, expres\u00f3 su \u201cprofunda tristeza\u201d por el incendio en la catedral de Notre Dame, un \u201cs\u00edmbolo de Francia y de la cultura europea\u201d.<br><br>El rey Felipe VI, expres\u00f3 la solidaridad de Espa\u00f1a con Francia ante el incendio de Notre Dame, y asegur\u00f3 que la catedral \u201cresurgir\u00e1 de sus cenizas\u201d.<br><br>Otros l\u00edderes mundiales y jefes de Estado se sumaron en apoyo al gobierno franc\u00e9s por esta tragedia.<\/p>\n","protected":false},"excerpt":{"rendered":"<p>Par\u00eds, Francia.- El devastador incendio que ayer consumi\u00f3 la catedral parisina de Notre Dame conmocion\u00f3 al mundo, que no cesa de lamentar la tragedia que embarga a un templo s\u00edmbolo de Par\u00eds, de Francia, de su historia y del mundo cat\u00f3lico. En Par\u00eds, una multitud de franceses y turistas estupefactos, muchos llorando y rezando, miraba [&hellip;]<\/p>\n","protected":false},"author":1,"featured_media":0,"comment_status":"open","ping_status":"open","sticky":true,"template":"","format":"standard","meta":{"footnotes":""},"categories":[4,3,1],"tags":[],"_links":{"self":[{"href":"https:\/\/diariodigitalmx.com\/index.php\/wp-json\/wp\/v2\/posts\/2436"}],"collection":[{"href":"https:\/\/diariodigitalmx.com\/index.php\/wp-json\/wp\/v2\/posts"}],"about":[{"href":"https:\/\/diariodigitalmx.com\/index.php\/wp-json\/wp\/v2\/types\/post"}],"author":[{"embeddable":true,"href":"https:\/\/diariodigitalmx.com\/index.php\/wp-json\/wp\/v2\/users\/1"}],"replies":[{"embeddable":true,"href":"https:\/\/diariodigitalmx.com\/index.php\/wp-json\/wp\/v2\/comments?post=2436"}],"version-history":[{"count":1,"href":"https:\/\/diariodigitalmx.com\/index.php\/wp-json\/wp\/v2\/posts\/2436\/revisions"}],"predecessor-version":[{"id":2438,"href":"https:\/\/diariodigitalmx.com\/index.php\/wp-json\/wp\/v2\/posts\/2436\/revisions\/2438"}],"wp:attachment":[{"href":"https:\/\/diariodigitalmx.com\/index.php\/wp-json\/wp\/v2\/media?parent=2436"}],"wp:term":[{"taxonomy":"category","embeddable":true,"href":"https:\/\/diariodigitalmx.com\/index.php\/wp-json\/wp\/v2\/categories?post=2436"},{"taxonomy":"post_tag","embeddable":true,"href":"https:\/\/diariodigitalmx.com\/index.php\/wp-json\/wp\/v2\/tags?post=2436"}],"curies":[{"name":"wp","href":"https:\/\/api.w.org\/{rel}","templated":true}]}}