{"id":2439,"date":"2019-04-16T11:47:12","date_gmt":"2019-04-16T16:47:12","guid":{"rendered":"http:\/\/diariodigitalmx.com\/?p=2439"},"modified":"2019-04-16T11:47:13","modified_gmt":"2019-04-16T16:47:13","slug":"bienvenida-la-reforma-laboral-la-transparencia-y-la-democracia-sindical-felix-coronado","status":"publish","type":"post","link":"https:\/\/diariodigitalmx.com\/index.php\/2019\/04\/16\/bienvenida-la-reforma-laboral-la-transparencia-y-la-democracia-sindical-felix-coronado\/","title":{"rendered":"Bienvenida la reforma laboral, la transparencia y la democracia sindical: F\u00e9lix Coronado"},"content":{"rendered":"\n<p>Se pronuncia por la unificaci\u00f3n y unidad del sector obrero<\/p>\n\n\n\n<p>David Casas<\/p>\n\n\n\n<p><\/p>\n\n\n\n<p>En Nuevo Le\u00f3n no hay temor ni mucho menos p\u00e1nico a las reformas laborales, simplemente \u00a0apoyamos que no se pierdan las conquistas obtenidas por el movimiento obrero a lo largo de la historia, por lo dem\u00e1s, bienvenidos los cambios, acepta F\u00e9lix Coronado Hern\u00e1ndez, secretario general de la CROC del estado de Nuevo Le\u00f3n.<br><\/p>\n\n\n\n<figure class=\"wp-block-image\"><img loading=\"lazy\" decoding=\"async\" width=\"1024\" height=\"768\" src=\"http:\/\/diariodigitalmx.com\/wp-content\/uploads\/2019\/04\/FB_IMG_1554982184469-1024x768.jpg\" alt=\"\" class=\"wp-image-2440\" srcset=\"https:\/\/diariodigitalmx.com\/wp-content\/uploads\/2019\/04\/FB_IMG_1554982184469-1024x768.jpg 1024w, https:\/\/diariodigitalmx.com\/wp-content\/uploads\/2019\/04\/FB_IMG_1554982184469-300x225.jpg 300w, https:\/\/diariodigitalmx.com\/wp-content\/uploads\/2019\/04\/FB_IMG_1554982184469-768x576.jpg 768w, https:\/\/diariodigitalmx.com\/wp-content\/uploads\/2019\/04\/FB_IMG_1554982184469.jpg 1152w\" sizes=\"(max-width: 1024px) 100vw, 1024px\" \/><\/figure>\n\n\n\n<p>En este sentido, el dirigente &nbsp;reitera que las reformas laborales deben intensificar la productividad, la apertura de nuevas fuentes de empleo, el impulso a la inversi\u00f3n nacional y extranjera y sobre todo, mejorar las condiciones de trabajo y de vida de los trabajadores que son importantes en los sectores de la producci\u00f3n.<br><\/p>\n\n\n\n<p>\u201cLos nuevos tiempos traen consigo &nbsp;cambios en leyes, tecnolog\u00eda, equipos de producci\u00f3n y estrategias. Los trabajadores tampoco se quedan rezagados y hoy est\u00e1n m\u00e1s capacitados en las nuevas t\u00e9cnicas y en el uso de las herramientas tecnol\u00f3gicas y digitales que se dan en el mundo globalizado\u201d, comenta Coronado Hern\u00e1ndez.<br><\/p>\n\n\n\n<p>Por ello, tampoco rechaza la democratizaci\u00f3n de los sindicatos as\u00ed como la transparencia en esas organizaciones y recuerda que en la CROC del estado de Nuevo Le\u00f3n es una pr\u00e1ctica com\u00fan que permite al mismo tiempo la armon\u00eda al interior del gremio.<br><\/p>\n\n\n\n<p>Prueba sus palabras en la llegada al seno croquista de Agust\u00edn Serna de Le\u00f3n y de Martha Silvia L\u00f3pez Limas, dos dirigente sindicales con trayectoria y amplia capacidad que se han formado en las filas de la instituci\u00f3n obrera.<br><\/p>\n\n\n\n<p>\u201cBienvenidos quienes quieran estar aqu\u00ed, lo que busco es la unidad de los trabajadores y del movimiento obreros por encima de siglas y de personas o liderazgos. No a la confrontaci\u00f3n ni a la persecuci\u00f3n. Busquemos la unidad del gremio obrero\u201d, puntualiza F\u00e9lix Coronado.<br><\/p>\n\n\n\n<p>Recuerda a grandes l\u00edderes sindicales como Agust\u00edn Serna Serv\u00edn, Ram\u00f3n Serna Serv\u00edn, Osvaldo Serna, Eleazar Ruiz Cerda, as\u00ed como a los fundadores de la Federaci\u00f3n Revolucionaria de Obreros y Campesinos de Nuevo Le\u00f3n &nbsp;(FROCNL) que actualmente encabeza C\u00e9sar Alberto Serna de Le\u00f3n. \u201cQuiero la unidad del gremio que estoy dispuesto a platicar con \u201cTello\u201d y unificar al movimiento obrero. L\u00edderes, quien ser\u00eda el uno, el dos o el tres, eso no es importante ahora, es la unidad la prioridad\u201d, afirma el dirigente obrero.<br><\/p>\n\n\n\n<p>El sindicalista nuestra el deseo del cambio en el sindicalismo sin afectar al trabajador, pero sostiene la necesidad de que se mantenga, como hasta ahora, la paz y la tranquilidad entre los sectores de la producci\u00f3n y para ello, \u201cel sector obrero es baluarte fundamental de la paz laboral y del crecimiento econ\u00f3mico del pa\u00eds a la par de los empresarios que arriesgan su capital\u201d, finaliza.<\/p>\n\n\n\n<p><\/p>\n\n\n\n<p>.<\/p>\n\n\n\n<p><\/p>\n\n\n\n<p><\/p>\n","protected":false},"excerpt":{"rendered":"<p>Se pronuncia por la unificaci\u00f3n y unidad del sector obrero David Casas En Nuevo Le\u00f3n no hay temor ni mucho menos p\u00e1nico a las reformas laborales, simplemente \u00a0apoyamos que no se pierdan las conquistas obtenidas por el movimiento obrero a lo largo de la historia, por lo dem\u00e1s, bienvenidos los cambios, acepta F\u00e9lix Coronado Hern\u00e1ndez, [&hellip;]<\/p>\n","protected":false},"author":1,"featured_media":0,"comment_status":"open","ping_status":"open","sticky":true,"template":"","format":"standard","meta":{"footnotes":""},"categories":[6],"tags":[],"_links":{"self":[{"href":"https:\/\/diariodigitalmx.com\/index.php\/wp-json\/wp\/v2\/posts\/2439"}],"collection":[{"href":"https:\/\/diariodigitalmx.com\/index.php\/wp-json\/wp\/v2\/posts"}],"about":[{"href":"https:\/\/diariodigitalmx.com\/index.php\/wp-json\/wp\/v2\/types\/post"}],"author":[{"embeddable":true,"href":"https:\/\/diariodigitalmx.com\/index.php\/wp-json\/wp\/v2\/users\/1"}],"replies":[{"embeddable":true,"href":"https:\/\/diariodigitalmx.com\/index.php\/wp-json\/wp\/v2\/comments?post=2439"}],"version-history":[{"count":1,"href":"https:\/\/diariodigitalmx.com\/index.php\/wp-json\/wp\/v2\/posts\/2439\/revisions"}],"predecessor-version":[{"id":2441,"href":"https:\/\/diariodigitalmx.com\/index.php\/wp-json\/wp\/v2\/posts\/2439\/revisions\/2441"}],"wp:attachment":[{"href":"https:\/\/diariodigitalmx.com\/index.php\/wp-json\/wp\/v2\/media?parent=2439"}],"wp:term":[{"taxonomy":"category","embeddable":true,"href":"https:\/\/diariodigitalmx.com\/index.php\/wp-json\/wp\/v2\/categories?post=2439"},{"taxonomy":"post_tag","embeddable":true,"href":"https:\/\/diariodigitalmx.com\/index.php\/wp-json\/wp\/v2\/tags?post=2439"}],"curies":[{"name":"wp","href":"https:\/\/api.w.org\/{rel}","templated":true}]}}