{"id":2453,"date":"2019-04-16T13:56:35","date_gmt":"2019-04-16T18:56:35","guid":{"rendered":"http:\/\/diariodigitalmx.com\/?p=2453"},"modified":"2019-04-16T13:58:22","modified_gmt":"2019-04-16T18:58:22","slug":"denuncia-karina-barron-pedrera-del-municipio-de-santiago","status":"publish","type":"post","link":"https:\/\/diariodigitalmx.com\/index.php\/2019\/04\/16\/denuncia-karina-barron-pedrera-del-municipio-de-santiago\/","title":{"rendered":"Denuncia Karina Barr\u00f3n, pedrera del municipio de Santiago"},"content":{"rendered":"\n<p>\n\nDavid Casas<br><\/p>\n\n\n\n<figure class=\"wp-block-image\"><img loading=\"lazy\" decoding=\"async\" width=\"900\" height=\"579\" src=\"http:\/\/diariodigitalmx.com\/wp-content\/uploads\/2019\/04\/thumbnail_700b13e88417bbed22f03c2a3f68ead6_XL.jpg\" alt=\"\" class=\"wp-image-2454\" srcset=\"https:\/\/diariodigitalmx.com\/wp-content\/uploads\/2019\/04\/thumbnail_700b13e88417bbed22f03c2a3f68ead6_XL.jpg 900w, https:\/\/diariodigitalmx.com\/wp-content\/uploads\/2019\/04\/thumbnail_700b13e88417bbed22f03c2a3f68ead6_XL-300x193.jpg 300w, https:\/\/diariodigitalmx.com\/wp-content\/uploads\/2019\/04\/thumbnail_700b13e88417bbed22f03c2a3f68ead6_XL-768x494.jpg 768w\" sizes=\"(max-width: 900px) 100vw, 900px\" \/><\/figure>\n\n\n\n<p>Ante la falta de acci\u00f3n por parte de las autoridades estatales, la diputada de Movimiento Ciudadano,\n Karina Barr\u00f3n Perales, denunci\u00f3 ante la SEMARNAT el posible da\u00f1o ecol\u00f3gico ocasionado por la Pedrera ubicada a unos metros de la Cueva de los Murci\u00e9lagos, en v\u00edas de ser declarada Zona Natural Protegida Federal, en calidad de Santuario.<br><\/p>\n\n\n\n<p>Luego de que en varias ocasiones la legisladora local e integrante de la Comisi\u00f3n de Medio Ambiente,\n solicitara la intervenci\u00f3n del Secretario de Desarrollo Sustentable, Manuel Vital, las autoridades estatales han defendido la actividad de dicha pedrera ubicada a espaldas de la Presa de la Boca en la Sierra de la Silla.<br><\/p>\n\n\n\n<p>Es por ello que Karina Barr\u00f3n solicit\u00f3 ahora la intervenci\u00f3n de la SEMARNAT para que se investigue el\n posible da\u00f1o ecol\u00f3gico provocado por esta pedrera y turne las denuncias a la Procuradur\u00eda Federal de Protecci\u00f3n al Ambiente (PROFEPA) y a la Comisi\u00f3n Nacional de \u00c1reas Naturales Protegidas (CONANP).<br><\/p>\n\n\n\n<p>\u201cDecidimos presentar esta denuncia ante la SEMARNAT, debido a la falta de acci\u00f3n por parte de las autoridades\n del estado, ya en varias ocasiones hemos exigido que se cierre esta pedrera por el da\u00f1o que est\u00e1 causando a esta zona la cual est\u00e1 ya en v\u00edas de ser declarada Zona Natural Protegida en calidad de Santuario de Murci\u00e9lagos\u201d, explic\u00f3 la diputada local.<br><\/p>\n\n\n\n<p>\u201cEstamos solicitando en primera instancia que se ordenen las diligencias necesarias para investigar el\n da\u00f1o al medio ambiente y el impacto ecol\u00f3gico ocasionado en la zona. Y a partir de esto, que instruya a quien corresponda la administraci\u00f3n y vigilancia, la participaci\u00f3n de autoridades federales, y de universidades o centros de investigaci\u00f3n de la Cueva de\n la Boca, o en su caso, emita recomendaciones a &nbsp;la Secretaria de Desarrollo Sustentable a fin de que a la brevedad emita acciones para proteger y preservar el \u00e1rea y la especie de murci\u00e9lago y d\u00e9 cumplimiento a la legislaci\u00f3n ambiental\u201d, a\u00f1adi\u00f3.<br><\/p>\n\n\n\n<p>En el anteproyecto de Decreto, en v\u00edas de publicaci\u00f3n en el Diario Oficial de la Federaci\u00f3n, queda estrictamente\n prohibido: da\u00f1ar a las poblaciones de vida silvestre presentes; hacer ruidos intensos y realizar obras o actividades de exploraci\u00f3n o explotaci\u00f3n mineras y extracci\u00f3n de material p\u00e9treo, entre otros.<\/p>\n","protected":false},"excerpt":{"rendered":"<p>David Casas Ante la falta de acci\u00f3n por parte de las autoridades estatales, la diputada de Movimiento Ciudadano, Karina Barr\u00f3n Perales, denunci\u00f3 ante la SEMARNAT el posible da\u00f1o ecol\u00f3gico ocasionado por la Pedrera ubicada a unos metros de la Cueva de los Murci\u00e9lagos, en v\u00edas de ser declarada Zona Natural Protegida Federal, en calidad de [&hellip;]<\/p>\n","protected":false},"author":1,"featured_media":2451,"comment_status":"open","ping_status":"open","sticky":true,"template":"","format":"standard","meta":{"footnotes":""},"categories":[6,3],"tags":[],"_links":{"self":[{"href":"https:\/\/diariodigitalmx.com\/index.php\/wp-json\/wp\/v2\/posts\/2453"}],"collection":[{"href":"https:\/\/diariodigitalmx.com\/index.php\/wp-json\/wp\/v2\/posts"}],"about":[{"href":"https:\/\/diariodigitalmx.com\/index.php\/wp-json\/wp\/v2\/types\/post"}],"author":[{"embeddable":true,"href":"https:\/\/diariodigitalmx.com\/index.php\/wp-json\/wp\/v2\/users\/1"}],"replies":[{"embeddable":true,"href":"https:\/\/diariodigitalmx.com\/index.php\/wp-json\/wp\/v2\/comments?post=2453"}],"version-history":[{"count":1,"href":"https:\/\/diariodigitalmx.com\/index.php\/wp-json\/wp\/v2\/posts\/2453\/revisions"}],"predecessor-version":[{"id":2455,"href":"https:\/\/diariodigitalmx.com\/index.php\/wp-json\/wp\/v2\/posts\/2453\/revisions\/2455"}],"wp:featuredmedia":[{"embeddable":true,"href":"https:\/\/diariodigitalmx.com\/index.php\/wp-json\/wp\/v2\/media\/2451"}],"wp:attachment":[{"href":"https:\/\/diariodigitalmx.com\/index.php\/wp-json\/wp\/v2\/media?parent=2453"}],"wp:term":[{"taxonomy":"category","embeddable":true,"href":"https:\/\/diariodigitalmx.com\/index.php\/wp-json\/wp\/v2\/categories?post=2453"},{"taxonomy":"post_tag","embeddable":true,"href":"https:\/\/diariodigitalmx.com\/index.php\/wp-json\/wp\/v2\/tags?post=2453"}],"curies":[{"name":"wp","href":"https:\/\/api.w.org\/{rel}","templated":true}]}}