{"id":2457,"date":"2019-04-16T14:58:57","date_gmt":"2019-04-16T19:58:57","guid":{"rendered":"http:\/\/diariodigitalmx.com\/?p=2457"},"modified":"2019-04-16T14:58:58","modified_gmt":"2019-04-16T19:58:58","slug":"fiscalia-de-paris-descarta-hecho-intencional-en-incendio-en-notre-dame","status":"publish","type":"post","link":"https:\/\/diariodigitalmx.com\/index.php\/2019\/04\/16\/fiscalia-de-paris-descarta-hecho-intencional-en-incendio-en-notre-dame\/","title":{"rendered":"Fiscal\u00eda de Par\u00eds descarta hecho intencional en incendio en Notre Dame"},"content":{"rendered":"\n<p> Se abri\u00f3 una investigaci\u00f3n preliminar, en la que trabajan unas 50 personas, y parece validar la idea de un accidente como causa de la cat\u00e1strofe. <\/p>\n\n\n\n<figure class=\"wp-block-image\"><img loading=\"lazy\" decoding=\"async\" width=\"800\" height=\"520\" src=\"http:\/\/diariodigitalmx.com\/wp-content\/uploads\/2019\/04\/2019-04-16_08-04-56___8204.jpg\" alt=\"\" class=\"wp-image-2459\" srcset=\"https:\/\/diariodigitalmx.com\/wp-content\/uploads\/2019\/04\/2019-04-16_08-04-56___8204.jpg 800w, https:\/\/diariodigitalmx.com\/wp-content\/uploads\/2019\/04\/2019-04-16_08-04-56___8204-300x195.jpg 300w, https:\/\/diariodigitalmx.com\/wp-content\/uploads\/2019\/04\/2019-04-16_08-04-56___8204-768x499.jpg 768w\" sizes=\"(max-width: 800px) 100vw, 800px\" \/><\/figure>\n\n\n\n<p><\/p>\n\n\n\n<p>El fiscal general de Par\u00eds, Remy Heitz, se\u00f1al\u00f3 hoy como un posible accidente la causa del incendio en la catedral de Notre Dame, descartando que se haya tratado de un hecho intencional.<\/p>\n\n\n\n<p>En declaraciones a la prensa, Heitz dijo este martes que se abri\u00f3 una investigaci\u00f3n preliminar, en la que trabajan unas 50 personas, y parece validar la idea de un accidente como causa de la cat\u00e1strofe.<\/p>\n\n\n\n<p>\u201cNo hay evidencias que indicen que se trate de un hecho intencional\u201d, se\u00f1al\u00f3 y agreg\u00f3 que la investigaci\u00f3n ser\u00e1 larga y compleja para determinar y esclarecer todos los detalles alrededor del incendio que la v\u00edspera consumi\u00f3 el techo y desplom\u00f3 la aguja central de la catedral.<\/p>\n\n\n\n<p>La indagaci\u00f3n ha iniciado con el interrogatorio a los testigos en el momento que el fuego inici\u00f3, entre ellos algunos trabajadores en la remodelaci\u00f3n de la catedral.<\/p>\n\n\n\n<p>A su vez, el portavoz de los bomberos de Par\u00eds, Gabriel Plus, anunci\u00f3 esta ma\u00f1ana que el fuego ya fue extinguido en su totalidad, aunque seguir\u00edan trabajando este d\u00eda en la fase de vigilancia, control de estabilidad estructural y en la evacuaci\u00f3n de las obras.<\/p>\n\n\n\n<p>El fuego en la emblem\u00e1tica catedral inici\u00f3 cerca de las 18:50 horas locales (16:50 GMT) del lunes y durante unas ocho horas unos 400 bomberos trataron de extinguirlo. El techo y la aguja central resultaron da\u00f1ados en su totalidad, mientras la estructura y las principales obras de arte se lograron conservar.<br><\/p>\n","protected":false},"excerpt":{"rendered":"<p>Se abri\u00f3 una investigaci\u00f3n preliminar, en la que trabajan unas 50 personas, y parece validar la idea de un accidente como causa de la cat\u00e1strofe. El fiscal general de Par\u00eds, Remy Heitz, se\u00f1al\u00f3 hoy como un posible accidente la causa del incendio en la catedral de Notre Dame, descartando que se haya tratado de un [&hellip;]<\/p>\n","protected":false},"author":1,"featured_media":2459,"comment_status":"open","ping_status":"open","sticky":true,"template":"","format":"standard","meta":{"footnotes":""},"categories":[4,1],"tags":[],"_links":{"self":[{"href":"https:\/\/diariodigitalmx.com\/index.php\/wp-json\/wp\/v2\/posts\/2457"}],"collection":[{"href":"https:\/\/diariodigitalmx.com\/index.php\/wp-json\/wp\/v2\/posts"}],"about":[{"href":"https:\/\/diariodigitalmx.com\/index.php\/wp-json\/wp\/v2\/types\/post"}],"author":[{"embeddable":true,"href":"https:\/\/diariodigitalmx.com\/index.php\/wp-json\/wp\/v2\/users\/1"}],"replies":[{"embeddable":true,"href":"https:\/\/diariodigitalmx.com\/index.php\/wp-json\/wp\/v2\/comments?post=2457"}],"version-history":[{"count":1,"href":"https:\/\/diariodigitalmx.com\/index.php\/wp-json\/wp\/v2\/posts\/2457\/revisions"}],"predecessor-version":[{"id":2460,"href":"https:\/\/diariodigitalmx.com\/index.php\/wp-json\/wp\/v2\/posts\/2457\/revisions\/2460"}],"wp:featuredmedia":[{"embeddable":true,"href":"https:\/\/diariodigitalmx.com\/index.php\/wp-json\/wp\/v2\/media\/2459"}],"wp:attachment":[{"href":"https:\/\/diariodigitalmx.com\/index.php\/wp-json\/wp\/v2\/media?parent=2457"}],"wp:term":[{"taxonomy":"category","embeddable":true,"href":"https:\/\/diariodigitalmx.com\/index.php\/wp-json\/wp\/v2\/categories?post=2457"},{"taxonomy":"post_tag","embeddable":true,"href":"https:\/\/diariodigitalmx.com\/index.php\/wp-json\/wp\/v2\/tags?post=2457"}],"curies":[{"name":"wp","href":"https:\/\/api.w.org\/{rel}","templated":true}]}}