{"id":2461,"date":"2019-04-16T15:03:18","date_gmt":"2019-04-16T20:03:18","guid":{"rendered":"http:\/\/diariodigitalmx.com\/?p=2461"},"modified":"2019-04-16T15:03:19","modified_gmt":"2019-04-16T20:03:19","slug":"el-suicidio-de-antonieta-rivas-mercado-en-notre-dame","status":"publish","type":"post","link":"https:\/\/diariodigitalmx.com\/index.php\/2019\/04\/16\/el-suicidio-de-antonieta-rivas-mercado-en-notre-dame\/","title":{"rendered":"El suicidio de Antonieta Rivas Mercado en Notre Dame"},"content":{"rendered":"\n<p> Mario Rodr\u00edguez Platas<\/p>\n\n\n\n<div class=\"wp-block-image\"><figure class=\"alignright is-resized\"><img loading=\"lazy\" decoding=\"async\" src=\"http:\/\/diariodigitalmx.com\/wp-content\/uploads\/2019\/04\/thumbnail_maxresdefault-4-300x160_2.jpg\" alt=\"\" class=\"wp-image-2463\" width=\"103\" height=\"97\"\/><\/figure><\/div>\n\n\n\n<p><\/p>\n\n\n\n<p>El terrible incendio de Notre Dame, trajo a mi memoria el suicidio de Maria Antonieta Valeria Rivas Mercado Castellanos en el interior de ese lugar, en febrero de 1931.\u00a0<\/p>\n\n\n\n<p><br>La mexicana Antonieta Rivas Mercado, esa mujer, cuya debilidad por Jos\u00e9 Vasconcelos, la llev\u00f3 a acompa\u00f1arlo en la aventura presidencial de 1929 y que su amor por la cultura y las artes la hizo mecenas de varios intelectuales y artistas del primer tercio del siglo XX. La misma que recibi\u00f3 a otro gran oaxaque\u00f1o en su casa (Vasconcelos, lo era), Andr\u00e9s Henestrosa, quien por cierto, aprendi\u00f3 el espa\u00f1ol (su lengua materna era el zapoteco) hasta los 15 a\u00f1os de edad y que a\u00f1os despu\u00e9s ser\u00eda miembro de la Academia Mexicana de la Lengua.<\/p>\n\n\n\n<p><br>Con el incendio de Nuestra Se\u00f1ora de Par\u00eds, vino a mi mente el suicidio de la hija del arquitecto preferido del porifiriato, Antonio Rivas Mercado (quien por cierto, construy\u00f3 &#8220;el \u00e1ngel&#8221; de la independencia, donde cada junio parte la Marcha del Orgullo LGBTTTIQ) con una pistola que era de Jos\u00e9 Vasconcelos.<\/p>\n\n\n\n<p><br>Hoy record\u00e9 el suicidio de Antonieta Rivas Mercado* en la catedral de Notre Dame , cuando ca\u00eda la aguja simb\u00f3lica que coronaba la c\u00faspide de ese edificio octocentenario.<\/p>\n\n\n\n<p><br>Descansa en paz Antonieta, Notre Dame sobrevi\u00f3 a tu suicidio y no sucumbi\u00f3 al incendio que nos conmocion\u00f3 a todos\/as.<\/p>\n\n\n\n<p><br>* Les recomiendo el libro: Antonieta de Fabienne Bradu. Fondo de Cultura Econ\u00f3mica. <\/p>\n","protected":false},"excerpt":{"rendered":"<p>Mario Rodr\u00edguez Platas El terrible incendio de Notre Dame, trajo a mi memoria el suicidio de Maria Antonieta Valeria Rivas Mercado Castellanos en el interior de ese lugar, en febrero de 1931.\u00a0 La mexicana Antonieta Rivas Mercado, esa mujer, cuya debilidad por Jos\u00e9 Vasconcelos, la llev\u00f3 a acompa\u00f1arlo en la aventura presidencial de 1929 y [&hellip;]<\/p>\n","protected":false},"author":1,"featured_media":2462,"comment_status":"open","ping_status":"open","sticky":true,"template":"","format":"standard","meta":{"footnotes":""},"categories":[12],"tags":[],"_links":{"self":[{"href":"https:\/\/diariodigitalmx.com\/index.php\/wp-json\/wp\/v2\/posts\/2461"}],"collection":[{"href":"https:\/\/diariodigitalmx.com\/index.php\/wp-json\/wp\/v2\/posts"}],"about":[{"href":"https:\/\/diariodigitalmx.com\/index.php\/wp-json\/wp\/v2\/types\/post"}],"author":[{"embeddable":true,"href":"https:\/\/diariodigitalmx.com\/index.php\/wp-json\/wp\/v2\/users\/1"}],"replies":[{"embeddable":true,"href":"https:\/\/diariodigitalmx.com\/index.php\/wp-json\/wp\/v2\/comments?post=2461"}],"version-history":[{"count":1,"href":"https:\/\/diariodigitalmx.com\/index.php\/wp-json\/wp\/v2\/posts\/2461\/revisions"}],"predecessor-version":[{"id":2464,"href":"https:\/\/diariodigitalmx.com\/index.php\/wp-json\/wp\/v2\/posts\/2461\/revisions\/2464"}],"wp:featuredmedia":[{"embeddable":true,"href":"https:\/\/diariodigitalmx.com\/index.php\/wp-json\/wp\/v2\/media\/2462"}],"wp:attachment":[{"href":"https:\/\/diariodigitalmx.com\/index.php\/wp-json\/wp\/v2\/media?parent=2461"}],"wp:term":[{"taxonomy":"category","embeddable":true,"href":"https:\/\/diariodigitalmx.com\/index.php\/wp-json\/wp\/v2\/categories?post=2461"},{"taxonomy":"post_tag","embeddable":true,"href":"https:\/\/diariodigitalmx.com\/index.php\/wp-json\/wp\/v2\/tags?post=2461"}],"curies":[{"name":"wp","href":"https:\/\/api.w.org\/{rel}","templated":true}]}}