{"id":2485,"date":"2019-04-17T09:51:13","date_gmt":"2019-04-17T14:51:13","guid":{"rendered":"http:\/\/diariodigitalmx.com\/?p=2485"},"modified":"2019-04-17T09:59:55","modified_gmt":"2019-04-17T14:59:55","slug":"gobierno-de-amlo-reduce-gasto-a-medios-de-comunicacion","status":"publish","type":"post","link":"https:\/\/diariodigitalmx.com\/index.php\/2019\/04\/17\/gobierno-de-amlo-reduce-gasto-a-medios-de-comunicacion\/","title":{"rendered":"Gobierno de AMLO reduce gasto a medios de comunicaci\u00f3n"},"content":{"rendered":"\n<figure class=\"wp-block-image\"><img loading=\"lazy\" decoding=\"async\" width=\"650\" height=\"351\" src=\"http:\/\/diariodigitalmx.com\/wp-content\/uploads\/2019\/04\/images.png\" alt=\"\" class=\"wp-image-2486\" srcset=\"https:\/\/diariodigitalmx.com\/wp-content\/uploads\/2019\/04\/images.png 650w, https:\/\/diariodigitalmx.com\/wp-content\/uploads\/2019\/04\/images-300x162.png 300w\" sizes=\"(max-width: 650px) 100vw, 650px\" \/><\/figure>\n\n\n\n<p><\/p>\n\n\n\n<p>CDMX, abril 17.-Andr\u00e9s Manuel L\u00f3pez Obrador dej\u00f3 claro que no se utilizar\u00e1n los recursos p\u00fablicos para premiar o castigar a ning\u00fan medio de comunicaci\u00f3n, \u201cno ser\u00e1 un mecanismo de coerci\u00f3n, de castigo, el presupuesto\u201d, expres\u00f3.<br>El presidente present\u00f3 la pol\u00edtica de comunicaci\u00f3n social del gobierno federal que tiene como objetivo incentivar la comunicaci\u00f3n interactiva gobierno-ciudadan\u00eda y que privilegia la austeridad ya que disminuye el gasto con relaci\u00f3n a lo que se ejerc\u00eda en esta materia en gobiernos anteriores.<br>En la conferencia matutina en Palacio Nacional, el mandatario federal dej\u00f3 claro que no se utilizar\u00e1n los recursos p\u00fablicos para premiar o castigar a ning\u00fan medio de comunicaci\u00f3n, \u201cno ser\u00e1 un mecanismo de coerci\u00f3n, de castigo, el presupuesto\u201d, expres\u00f3.<br>A su vez, el coordinador de Comunicaci\u00f3n Social de la Presidencia, Jes\u00fas Ram\u00edrez Cuevas, quien explic\u00f3 la nueva pol\u00edtica, refiri\u00f3 que a petici\u00f3n del gobierno federal los medios redujeron sus tarifas de publicidad, luego de que en el sexenio anterior se increment\u00f3 significativamente el gasto en comunicaci\u00f3n social.<br>Adem\u00e1s, refrend\u00f3 que el actual gobierno federal \u201cnunca har\u00e1 ninguna recomendaci\u00f3n informativa a medios de comunicaci\u00f3n ni recomendar\u00e1 a un periodista en el ejercicio de su profesi\u00f3n\u201d y por el contrario \u201cest\u00e1 prohibido alg\u00fan tipo de coerci\u00f3n o presi\u00f3n a los periodistas\u201d.<\/p>\n","protected":false},"excerpt":{"rendered":"<p>CDMX, abril 17.-Andr\u00e9s Manuel L\u00f3pez Obrador dej\u00f3 claro que no se utilizar\u00e1n los recursos p\u00fablicos para premiar o castigar a ning\u00fan medio de comunicaci\u00f3n, \u201cno ser\u00e1 un mecanismo de coerci\u00f3n, de castigo, el presupuesto\u201d, expres\u00f3.El presidente present\u00f3 la pol\u00edtica de comunicaci\u00f3n social del gobierno federal que tiene como objetivo incentivar la comunicaci\u00f3n interactiva gobierno-ciudadan\u00eda y [&hellip;]<\/p>\n","protected":false},"author":1,"featured_media":0,"comment_status":"open","ping_status":"open","sticky":true,"template":"","format":"standard","meta":{"footnotes":""},"categories":[2],"tags":[],"_links":{"self":[{"href":"https:\/\/diariodigitalmx.com\/index.php\/wp-json\/wp\/v2\/posts\/2485"}],"collection":[{"href":"https:\/\/diariodigitalmx.com\/index.php\/wp-json\/wp\/v2\/posts"}],"about":[{"href":"https:\/\/diariodigitalmx.com\/index.php\/wp-json\/wp\/v2\/types\/post"}],"author":[{"embeddable":true,"href":"https:\/\/diariodigitalmx.com\/index.php\/wp-json\/wp\/v2\/users\/1"}],"replies":[{"embeddable":true,"href":"https:\/\/diariodigitalmx.com\/index.php\/wp-json\/wp\/v2\/comments?post=2485"}],"version-history":[{"count":3,"href":"https:\/\/diariodigitalmx.com\/index.php\/wp-json\/wp\/v2\/posts\/2485\/revisions"}],"predecessor-version":[{"id":2491,"href":"https:\/\/diariodigitalmx.com\/index.php\/wp-json\/wp\/v2\/posts\/2485\/revisions\/2491"}],"wp:attachment":[{"href":"https:\/\/diariodigitalmx.com\/index.php\/wp-json\/wp\/v2\/media?parent=2485"}],"wp:term":[{"taxonomy":"category","embeddable":true,"href":"https:\/\/diariodigitalmx.com\/index.php\/wp-json\/wp\/v2\/categories?post=2485"},{"taxonomy":"post_tag","embeddable":true,"href":"https:\/\/diariodigitalmx.com\/index.php\/wp-json\/wp\/v2\/tags?post=2485"}],"curies":[{"name":"wp","href":"https:\/\/api.w.org\/{rel}","templated":true}]}}