{"id":2494,"date":"2019-04-17T10:58:35","date_gmt":"2019-04-17T15:58:35","guid":{"rendered":"http:\/\/diariodigitalmx.com\/?p=2494"},"modified":"2019-04-17T10:59:11","modified_gmt":"2019-04-17T15:59:11","slug":"muere-alan-garcia-tras-dispararse-en-la-cabeza","status":"publish","type":"post","link":"https:\/\/diariodigitalmx.com\/index.php\/2019\/04\/17\/muere-alan-garcia-tras-dispararse-en-la-cabeza\/","title":{"rendered":"Muere Alan Garc\u00eda, tras dispararse en la cabeza"},"content":{"rendered":"\n<p>Lima, Per\u00fa, Abril 17- El expresidente de Per\u00fa, Alan Garc\u00eda, falleci\u00f3 hoy por el disparo que se hizo la ma\u00f1ana de este mi\u00e9rcoles al momento de ser detenido por investigaciones del caso Odebrecht, inform\u00f3 RPP que cit\u00f3 fuentes del partido Apra, al que pertenec\u00eda el exgobernante<br><\/p>\n\n\n\n<figure class=\"wp-block-image\"><img loading=\"lazy\" decoding=\"async\" width=\"900\" height=\"600\" src=\"http:\/\/diariodigitalmx.com\/wp-content\/uploads\/2019\/04\/2019-04-17_10-04-43___1924.jpg\" alt=\"\" class=\"wp-image-2495\" srcset=\"https:\/\/diariodigitalmx.com\/wp-content\/uploads\/2019\/04\/2019-04-17_10-04-43___1924.jpg 900w, https:\/\/diariodigitalmx.com\/wp-content\/uploads\/2019\/04\/2019-04-17_10-04-43___1924-300x200.jpg 300w, https:\/\/diariodigitalmx.com\/wp-content\/uploads\/2019\/04\/2019-04-17_10-04-43___1924-768x512.jpg 768w\" sizes=\"(max-width: 900px) 100vw, 900px\" \/><\/figure>\n\n\n\n<p><\/p>\n\n\n\n<p><br><br><br><\/p>\n","protected":false},"excerpt":{"rendered":"<p>Lima, Per\u00fa, Abril 17- El expresidente de Per\u00fa, Alan Garc\u00eda, falleci\u00f3 hoy por el disparo que se hizo la ma\u00f1ana de este mi\u00e9rcoles al momento de ser detenido por investigaciones del caso Odebrecht, inform\u00f3 RPP que cit\u00f3 fuentes del partido Apra, al que pertenec\u00eda el exgobernante<\/p>\n","protected":false},"author":1,"featured_media":0,"comment_status":"open","ping_status":"open","sticky":true,"template":"","format":"standard","meta":{"footnotes":""},"categories":[4,1],"tags":[],"_links":{"self":[{"href":"https:\/\/diariodigitalmx.com\/index.php\/wp-json\/wp\/v2\/posts\/2494"}],"collection":[{"href":"https:\/\/diariodigitalmx.com\/index.php\/wp-json\/wp\/v2\/posts"}],"about":[{"href":"https:\/\/diariodigitalmx.com\/index.php\/wp-json\/wp\/v2\/types\/post"}],"author":[{"embeddable":true,"href":"https:\/\/diariodigitalmx.com\/index.php\/wp-json\/wp\/v2\/users\/1"}],"replies":[{"embeddable":true,"href":"https:\/\/diariodigitalmx.com\/index.php\/wp-json\/wp\/v2\/comments?post=2494"}],"version-history":[{"count":1,"href":"https:\/\/diariodigitalmx.com\/index.php\/wp-json\/wp\/v2\/posts\/2494\/revisions"}],"predecessor-version":[{"id":2496,"href":"https:\/\/diariodigitalmx.com\/index.php\/wp-json\/wp\/v2\/posts\/2494\/revisions\/2496"}],"wp:attachment":[{"href":"https:\/\/diariodigitalmx.com\/index.php\/wp-json\/wp\/v2\/media?parent=2494"}],"wp:term":[{"taxonomy":"category","embeddable":true,"href":"https:\/\/diariodigitalmx.com\/index.php\/wp-json\/wp\/v2\/categories?post=2494"},{"taxonomy":"post_tag","embeddable":true,"href":"https:\/\/diariodigitalmx.com\/index.php\/wp-json\/wp\/v2\/tags?post=2494"}],"curies":[{"name":"wp","href":"https:\/\/api.w.org\/{rel}","templated":true}]}}