{"id":2497,"date":"2019-04-17T11:22:34","date_gmt":"2019-04-17T16:22:34","guid":{"rendered":"http:\/\/diariodigitalmx.com\/?p=2497"},"modified":"2019-04-17T11:22:36","modified_gmt":"2019-04-17T16:22:36","slug":"detienen-a-60-hondurenos-indocumentados","status":"publish","type":"post","link":"https:\/\/diariodigitalmx.com\/index.php\/2019\/04\/17\/detienen-a-60-hondurenos-indocumentados\/","title":{"rendered":"Detienen a 60 hondure\u00f1os indocumentados"},"content":{"rendered":"\n<p><br><br>Ciudad Victoria, Tamps, abril 17- Un grupo de 60 Hondure\u00f1os que viajaban en un autob\u00fas de la l\u00ednea Futura en la carretera Victoria-Monterrey a la altura del poblado de Oyama fueron detectados por agentes estatales coordinados con la Defensa Nacional.<br><br>De acuerdo a la informaci\u00f3n la unidad de transporte sali\u00f3 de Poza Rica, Veracruz con destino a Nuevo Le\u00f3n.<br><br>Los elementos de seguridad \u00a0en coordinaci\u00f3n del Instituto Nacional de Migraci\u00f3n (INAMI), revisaron y solicitaron documentos correspondientes a cada uno de los pasajeros.<br><br>Tras de que se detect\u00f3 que son indocumentados \u00a0fueron custodiados por elementos Federales hasta la ciudad de Tampico en donde recibieron atenci\u00f3n m\u00e9dica y fueron atendidos por personal de Derechos Humanos.<\/p>\n\n\n\n\n\n<p><\/p>\n\n\n\n<ul class=\"wp-block-gallery columns-0 is-cropped wp-block-gallery-1 is-layout-flex wp-block-gallery-is-layout-flex\"><\/ul>\n\n\n\n\n\n<ul class=\"wp-block-gallery columns-1 is-cropped wp-block-gallery-2 is-layout-flex wp-block-gallery-is-layout-flex\"><li class=\"blocks-gallery-item\"><figure><img loading=\"lazy\" decoding=\"async\" width=\"480\" height=\"360\" src=\"http:\/\/diariodigitalmx.com\/wp-content\/uploads\/2019\/04\/IMG-20190417-WA0001.jpg\" alt=\"\" data-id=\"2498\" data-link=\"http:\/\/diariodigitalmx.com\/?attachment_id=2498\" class=\"wp-image-2498\" srcset=\"https:\/\/diariodigitalmx.com\/wp-content\/uploads\/2019\/04\/IMG-20190417-WA0001.jpg 480w, https:\/\/diariodigitalmx.com\/wp-content\/uploads\/2019\/04\/IMG-20190417-WA0001-300x225.jpg 300w\" sizes=\"(max-width: 480px) 100vw, 480px\" \/><\/figure><\/li><\/ul>\n","protected":false},"excerpt":{"rendered":"<p>Ciudad Victoria, Tamps, abril 17- Un grupo de 60 Hondure\u00f1os que viajaban en un autob\u00fas de la l\u00ednea Futura en la carretera Victoria-Monterrey a la altura del poblado de Oyama fueron detectados por agentes estatales coordinados con la Defensa Nacional. De acuerdo a la informaci\u00f3n la unidad de transporte sali\u00f3 de Poza Rica, Veracruz con [&hellip;]<\/p>\n","protected":false},"author":1,"featured_media":0,"comment_status":"open","ping_status":"open","sticky":true,"template":"","format":"standard","meta":{"footnotes":""},"categories":[2],"tags":[],"_links":{"self":[{"href":"https:\/\/diariodigitalmx.com\/index.php\/wp-json\/wp\/v2\/posts\/2497"}],"collection":[{"href":"https:\/\/diariodigitalmx.com\/index.php\/wp-json\/wp\/v2\/posts"}],"about":[{"href":"https:\/\/diariodigitalmx.com\/index.php\/wp-json\/wp\/v2\/types\/post"}],"author":[{"embeddable":true,"href":"https:\/\/diariodigitalmx.com\/index.php\/wp-json\/wp\/v2\/users\/1"}],"replies":[{"embeddable":true,"href":"https:\/\/diariodigitalmx.com\/index.php\/wp-json\/wp\/v2\/comments?post=2497"}],"version-history":[{"count":1,"href":"https:\/\/diariodigitalmx.com\/index.php\/wp-json\/wp\/v2\/posts\/2497\/revisions"}],"predecessor-version":[{"id":2499,"href":"https:\/\/diariodigitalmx.com\/index.php\/wp-json\/wp\/v2\/posts\/2497\/revisions\/2499"}],"wp:attachment":[{"href":"https:\/\/diariodigitalmx.com\/index.php\/wp-json\/wp\/v2\/media?parent=2497"}],"wp:term":[{"taxonomy":"category","embeddable":true,"href":"https:\/\/diariodigitalmx.com\/index.php\/wp-json\/wp\/v2\/categories?post=2497"},{"taxonomy":"post_tag","embeddable":true,"href":"https:\/\/diariodigitalmx.com\/index.php\/wp-json\/wp\/v2\/tags?post=2497"}],"curies":[{"name":"wp","href":"https:\/\/api.w.org\/{rel}","templated":true}]}}