{"id":2507,"date":"2019-04-18T10:44:26","date_gmt":"2019-04-18T15:44:26","guid":{"rendered":"http:\/\/diariodigitalmx.com\/?p=2507"},"modified":"2019-04-18T10:44:27","modified_gmt":"2019-04-18T15:44:27","slug":"trump-no-obstruyo-la-justicia-en-la-investigacion-sobre-trama-rusa-fiscal","status":"publish","type":"post","link":"https:\/\/diariodigitalmx.com\/index.php\/2019\/04\/18\/trump-no-obstruyo-la-justicia-en-la-investigacion-sobre-trama-rusa-fiscal\/","title":{"rendered":"Trump no obstruy\u00f3 la justicia en la investigaci\u00f3n sobre trama rusa: Fiscal"},"content":{"rendered":"\n<p><\/p>\n\n\n\n<p>El fiscal general de EU, William Barr, defendi\u00f3 que no hay &#8220;pruebas suficientes&#8221; de que el presidente estadounidense, Donald Trump, obstruyera la justicia en el contexto de la investigaci\u00f3n sobre la trama rusa, e insisti\u00f3 en que &#8220;no hubo conspiraci\u00f3n&#8221; del mandatario con Rusia.<br><br>Barr se pronunci\u00f3 as\u00ed en una conferencia de prensa poco antes de que el Congreso recibiera y el Departamento de Justicia una versi\u00f3n censurada del informe del fiscal especial Robert Mueller sobre la presunta injerencia rusa en las elecciones de 2016.<br><br>&#8220;El vicefiscal general (Rod Rosenstein) y yo hemos determinado que las pruebas presentadas por el fiscal especial no son suficientes para establecer que el presidente cometi\u00f3 un delito de obstrucci\u00f3n a la justicia&#8221;, afirm\u00f3 Barr.<br><br>En el informe confidencial que entreg\u00f3 al Departamento de Justicia a finales de marzo, Mueller &#8220;recopila diez episodios en los que est\u00e1 involucrado el presidente y discute posibles teor\u00edas legales para conectar estas acciones a elementos de un delito de obstrucci\u00f3n&#8221;, explic\u00f3 el fiscal general.<br><br>No obstante, Barr y Rosenstein no estuvieron &#8220;de acuerdo con algunas de las teor\u00edas legales del fiscal especial&#8221;, y determinaron finalmente que Trump no interfiri\u00f3 en la investigaci\u00f3n.<br><br>&#8220;El presidente no dio ning\u00fan paso que en efecto privara al fiscal especial de los documentos y testigos necesarios para completar su investigaci\u00f3n&#8221;, subray\u00f3.<br><br>La decisi\u00f3n de Mueller de no llegar a una conclusi\u00f3n sobre si Trump obstruy\u00f3 la justicia ha generado pol\u00e9mica en EE.UU., porque el fiscal especial dej\u00f3 en cambio esa determinaci\u00f3n en manos de Barr, nominado por el presidente hace unos meses precisamente debido a su interpretaci\u00f3n favorable a la Casa Blanca de ese posible delito.<br><br>Barr ya concluy\u00f3, en la carta de cuatro p\u00e1ginas sobre el informe de Mueller que public\u00f3 a finales de marzo, que Trump no hab\u00eda obstruido la justicia.<br><br>La versi\u00f3n con tachaduras del informe que se har\u00e1 hoy p\u00fablica ronda las 400 p\u00e1ginas y sus &#8220;pocos tramos censurados&#8221; est\u00e1n destinados a no interferir en el trabajo de la comunidad de inteligencia o en la integridad de casos judiciales que a\u00fan est\u00e1n activos, prometi\u00f3 el fiscal general.<\/p>\n\n\n\n<figure class=\"wp-block-image\"><img loading=\"lazy\" decoding=\"async\" width=\"700\" height=\"428\" src=\"http:\/\/diariodigitalmx.com\/wp-content\/uploads\/2019\/04\/2019-04-18_09-04-04___5117.jpg\" alt=\"\" class=\"wp-image-2508\" srcset=\"https:\/\/diariodigitalmx.com\/wp-content\/uploads\/2019\/04\/2019-04-18_09-04-04___5117.jpg 700w, https:\/\/diariodigitalmx.com\/wp-content\/uploads\/2019\/04\/2019-04-18_09-04-04___5117-300x183.jpg 300w\" sizes=\"(max-width: 700px) 100vw, 700px\" \/><figcaption>Proc\/JFIF\/EFE-Calidad:Excelente<\/figcaption><\/figure>\n","protected":false},"excerpt":{"rendered":"<p>El fiscal general de EU, William Barr, defendi\u00f3 que no hay &#8220;pruebas suficientes&#8221; de que el presidente estadounidense, Donald Trump, obstruyera la justicia en el contexto de la investigaci\u00f3n sobre la trama rusa, e insisti\u00f3 en que &#8220;no hubo conspiraci\u00f3n&#8221; del mandatario con Rusia. Barr se pronunci\u00f3 as\u00ed en una conferencia de prensa poco antes [&hellip;]<\/p>\n","protected":false},"author":1,"featured_media":0,"comment_status":"open","ping_status":"open","sticky":true,"template":"","format":"standard","meta":{"footnotes":""},"categories":[4,1],"tags":[],"_links":{"self":[{"href":"https:\/\/diariodigitalmx.com\/index.php\/wp-json\/wp\/v2\/posts\/2507"}],"collection":[{"href":"https:\/\/diariodigitalmx.com\/index.php\/wp-json\/wp\/v2\/posts"}],"about":[{"href":"https:\/\/diariodigitalmx.com\/index.php\/wp-json\/wp\/v2\/types\/post"}],"author":[{"embeddable":true,"href":"https:\/\/diariodigitalmx.com\/index.php\/wp-json\/wp\/v2\/users\/1"}],"replies":[{"embeddable":true,"href":"https:\/\/diariodigitalmx.com\/index.php\/wp-json\/wp\/v2\/comments?post=2507"}],"version-history":[{"count":1,"href":"https:\/\/diariodigitalmx.com\/index.php\/wp-json\/wp\/v2\/posts\/2507\/revisions"}],"predecessor-version":[{"id":2509,"href":"https:\/\/diariodigitalmx.com\/index.php\/wp-json\/wp\/v2\/posts\/2507\/revisions\/2509"}],"wp:attachment":[{"href":"https:\/\/diariodigitalmx.com\/index.php\/wp-json\/wp\/v2\/media?parent=2507"}],"wp:term":[{"taxonomy":"category","embeddable":true,"href":"https:\/\/diariodigitalmx.com\/index.php\/wp-json\/wp\/v2\/categories?post=2507"},{"taxonomy":"post_tag","embeddable":true,"href":"https:\/\/diariodigitalmx.com\/index.php\/wp-json\/wp\/v2\/tags?post=2507"}],"curies":[{"name":"wp","href":"https:\/\/api.w.org\/{rel}","templated":true}]}}