{"id":2510,"date":"2019-04-18T10:46:40","date_gmt":"2019-04-18T15:46:40","guid":{"rendered":"http:\/\/diariodigitalmx.com\/?p=2510"},"modified":"2019-04-18T10:46:41","modified_gmt":"2019-04-18T15:46:41","slug":"macron-rinde-homenaje-a-bomberos-que-extinguieron-el-fuego-de-notre-dame","status":"publish","type":"post","link":"https:\/\/diariodigitalmx.com\/index.php\/2019\/04\/18\/macron-rinde-homenaje-a-bomberos-que-extinguieron-el-fuego-de-notre-dame\/","title":{"rendered":"Macron rinde homenaje a bomberos que extinguieron el fuego de Notre Dame"},"content":{"rendered":"\n<figure class=\"wp-block-image\"><img loading=\"lazy\" decoding=\"async\" width=\"800\" height=\"533\" src=\"http:\/\/diariodigitalmx.com\/wp-content\/uploads\/2019\/04\/2019-04-18_08-04-51___8331.jpg\" alt=\"\" class=\"wp-image-2511\" srcset=\"https:\/\/diariodigitalmx.com\/wp-content\/uploads\/2019\/04\/2019-04-18_08-04-51___8331.jpg 800w, https:\/\/diariodigitalmx.com\/wp-content\/uploads\/2019\/04\/2019-04-18_08-04-51___8331-300x200.jpg 300w, https:\/\/diariodigitalmx.com\/wp-content\/uploads\/2019\/04\/2019-04-18_08-04-51___8331-768x512.jpg 768w\" sizes=\"(max-width: 800px) 100vw, 800px\" \/><\/figure>\n\n\n\n<p><\/p>\n\n\n\n<p>El presidente franc\u00e9s, Emmanuel Macron, rindi\u00f3 homenaje este jueves a los bomberos y a los otros profesionales que estuvieron implicados en la extinci\u00f3n del incendio de Notre Dame de Par\u00eds.<br><br>&#8220;Hab\u00e9is sido ejemplares&#8221; a la vista del &#8220;mundo entero&#8221;, destac\u00f3 Macron en un discurso en la sala de fiestas del Palacio del El\u00edseo, flanqueado por su esposa, Brigitte, y por el primer ministro, \u00c9douard Philippe, y donde se pod\u00eda leer el mensaje &#8220;Agradecimiento a los bomberos&#8221;.<br><br>Anunci\u00f3 que los condecorar\u00e1. Insisti\u00f3 en que &#8220;Francia no olvidar\u00e1 nunca&#8221; lo que hicieron los primeros minutos desde que se declar\u00f3 el fuego el lunes por la tarde, y asegur\u00f3 que tomaron &#8220;las decisiones acertadas&#8221;.<br><br>El jefe del Estado, que tambi\u00e9n agradeci\u00f3 a los religiosos su acci\u00f3n en este siniestro, dijo que ha invitado al papa a Par\u00eds.<br><br>Alrededor de 270 bomberos acudieron a este acto en el El\u00edseo, en el que tambi\u00e9n hubo polic\u00edas y miembros de protecci\u00f3n civil que trabajaron en las labores de extinci\u00f3n.<br><br>La Fiscal\u00eda de Par\u00eds insiste en que no hay elementos que apunten a un origen criminal del fuego -de acuerdo con los indicios disponibles comenz\u00f3 en la zona en que se estaban llevando unas obras de restauraci\u00f3n en torno a la aguja-, y sigue privilegiando la pista accidental.<br><br>Eso pese a que regularmente se hab\u00eda constatado la intrusi\u00f3n de individuos desde que comenzaron esas obras hace un a\u00f1o, algunos de los cuales hab\u00edan colgado en las redes sociales v\u00eddeos en los que se mostraban en el tejado.<br><br>El canal &#8220;BFMTV&#8221; se\u00f1al\u00f3 que la v\u00edspera del incendio fue detenido un hombre que se hab\u00eda colado hasta los andamios que hab\u00eda alrededor de la aguja.<br><br>Para prevenir esas intrusiones, se hab\u00edan colocado unos alambres espinos y una alarma de detecci\u00f3n de movimientos.<\/p>\n","protected":false},"excerpt":{"rendered":"<p>El presidente franc\u00e9s, Emmanuel Macron, rindi\u00f3 homenaje este jueves a los bomberos y a los otros profesionales que estuvieron implicados en la extinci\u00f3n del incendio de Notre Dame de Par\u00eds. &#8220;Hab\u00e9is sido ejemplares&#8221; a la vista del &#8220;mundo entero&#8221;, destac\u00f3 Macron en un discurso en la sala de fiestas del Palacio del El\u00edseo, flanqueado por [&hellip;]<\/p>\n","protected":false},"author":1,"featured_media":0,"comment_status":"open","ping_status":"open","sticky":true,"template":"","format":"standard","meta":{"footnotes":""},"categories":[4,1],"tags":[],"_links":{"self":[{"href":"https:\/\/diariodigitalmx.com\/index.php\/wp-json\/wp\/v2\/posts\/2510"}],"collection":[{"href":"https:\/\/diariodigitalmx.com\/index.php\/wp-json\/wp\/v2\/posts"}],"about":[{"href":"https:\/\/diariodigitalmx.com\/index.php\/wp-json\/wp\/v2\/types\/post"}],"author":[{"embeddable":true,"href":"https:\/\/diariodigitalmx.com\/index.php\/wp-json\/wp\/v2\/users\/1"}],"replies":[{"embeddable":true,"href":"https:\/\/diariodigitalmx.com\/index.php\/wp-json\/wp\/v2\/comments?post=2510"}],"version-history":[{"count":1,"href":"https:\/\/diariodigitalmx.com\/index.php\/wp-json\/wp\/v2\/posts\/2510\/revisions"}],"predecessor-version":[{"id":2512,"href":"https:\/\/diariodigitalmx.com\/index.php\/wp-json\/wp\/v2\/posts\/2510\/revisions\/2512"}],"wp:attachment":[{"href":"https:\/\/diariodigitalmx.com\/index.php\/wp-json\/wp\/v2\/media?parent=2510"}],"wp:term":[{"taxonomy":"category","embeddable":true,"href":"https:\/\/diariodigitalmx.com\/index.php\/wp-json\/wp\/v2\/categories?post=2510"},{"taxonomy":"post_tag","embeddable":true,"href":"https:\/\/diariodigitalmx.com\/index.php\/wp-json\/wp\/v2\/tags?post=2510"}],"curies":[{"name":"wp","href":"https:\/\/api.w.org\/{rel}","templated":true}]}}