{"id":2513,"date":"2019-04-18T10:54:21","date_gmt":"2019-04-18T15:54:21","guid":{"rendered":"http:\/\/diariodigitalmx.com\/?p=2513"},"modified":"2019-04-18T10:55:49","modified_gmt":"2019-04-18T15:55:49","slug":"amlo-respalda-su-memo-con-un-no-solo-es-un-asunto-legal-es-politico","status":"publish","type":"post","link":"https:\/\/diariodigitalmx.com\/index.php\/2019\/04\/18\/amlo-respalda-su-memo-con-un-no-solo-es-un-asunto-legal-es-politico\/","title":{"rendered":"AMLO respalda su memo con un \u201cno s\u00f3lo es un asunto legal, es pol\u00edtico\u201d"},"content":{"rendered":"\n<p> Por Arturo Ramos Ortiz, cr\u00f3nica.com.mx<\/p>\n\n\n\n<p><\/p>\n\n\n\n<p>  &#8220;No es s\u00f3lo un asunto legal, es un asunto pol\u00edtico\u201d, fue la sentencia del presidente Andr\u00e9s Manuel L\u00f3pez Obrador luego de que se le pidiera brindar el sustento legal para haber emitido un memor\u00e1ndum en el que ordena dejar sin efecto disposiciones legales vigentes de la reforma educativa promulgada en 2013&nbsp; (sexenio de Pe\u00f1a Nieto). Y en efecto, argument\u00f3 incluso que \u00e9l ten\u00eda un compromiso que cumplir y ten\u00eda la intenci\u00f3n de dejar claro que no lo dejar\u00eda de lado.<\/p>\n\n\n\n<p>\u201cNo es ni una iniciativa de ley ni un decreto ni un acuerdo, es un memor\u00e1ndum\u201d, se\u00f1al\u00f3 el Presidente sobre su orden del martes a sus secretarios de Estado para dejar sin efecto la reforma educativa y hacer el manejo de plazas magisteriales desde la SHCP y la SEP. Adicionalmente, instruy\u00f3 a la Secretar\u00eda de Gobernaci\u00f3n realizar las gestiones para liberar a maestros presos. Estos profesores fueron apresados, bajo diferentes cargos, durante la etapa de protestas contra la reforma educativa. AMLO inform\u00f3 ayer que ya se dio la liberaci\u00f3n de algunos.<\/p>\n\n\n\n\n\n<p>En la conferencia de prensa, no obstante, el tema que apareci\u00f3 varias vaces fue el del sustento legal del\u00a0<em>memo<\/em>, cuestionado por juristas como Jos\u00e9 Ram\u00f3n Coss\u00edo y Miguel Carbonell. Por supuesto, la oposici\u00f3n tambi\u00e9n se enfureci\u00f3 por la medida. \u201cEs un memor\u00e1ndum para prop\u00f3sitos internos\u201d, complement\u00f3 el Presidente sobre su documento.<\/p>\n\n\n\n<p>Un punto cr\u00edtico es que uno de los efectos de la reforma educativa son los procesos evaluativos, que recaen en el Instituto Nacional para la Evaluaci\u00f3n Educativa, un organismo arut\u00f3nomo, es decir, sobre el que AMLO no tiene injerencia y que ha preferido guardar silencio en esta crisis.<\/p>\n\n\n\n<p>\u201cSi la comisi\u00f3n encargada de hacer las evaluaciones (a los maestros) convoca a que haya una, ah\u00ed se va a ver si se cumple o no se cumple. \u00c9sa es una decisi\u00f3n aut\u00f3noma\u201d, dijo el Presidente al respecto y no mucho m\u00e1s. El resto de los argumentos, en efecto, fueron m\u00e1s pol\u00edticos:<\/p>\n\n\n\n<p>\u201cTengo el derecho de velar porque haya justicia, o sea, para eso estoy\u201d; \u201clas facultades que tengo como jefe del Estado mexicano para garantizar el bienestar, la paz, la tranquilidad del pueblo para que haya justicia, por eso se protesta, cumplir y hacer cumplir la Constituci\u00f3n y las leyes que de ella emanan. Y en la Constituci\u00f3n se establece que debe de haber justicia\u201d.<\/p>\n\n\n\n<p>AMLO se dijo satisfecho del debate abierto en torno a su&nbsp;<em>memo<\/em>&nbsp;contra la reforma educativa pe\u00f1ista, \u201chay distintas opiniones, hay debate, ese tambi\u00e9n es el prop\u00f3sito, que tengamos di\u00e1logos circulares. Vamos a que se analice m\u00e1s, se conozca m\u00e1s, se recojan opiniones\u201d.<\/p>\n\n\n\n<p>Se\u00f1al\u00f3 que Morena ten\u00eda la posibilidad de hacer una reforma s\u00f3lo a la ley reglamentaria para quitar lo de las evaluaciones punitivas (mayor\u00eda simple), pero indic\u00f3 que el Gobierno de la Rep\u00fablica quiso dejar en claro que desea una reforma constitucional y \u201cquise que se conociera con mucha claridad nuestra postura, porque no es s\u00f3lo un asunto jur\u00eddico, es un asunto pol\u00edtico\u201d.<\/p>\n\n\n\n<p>\u201cSe da\u00f1\u00f3 mucho a la sociedad, se da\u00f1\u00f3 mucho al magisterio con la mal llamada reforma educativa, y quise mandar un mensaje claro para que se conociera nuestra postura, porque luego se distorsionan las cosas\u201d, concluy\u00f3 en torno al tema en su cl\u00e1sica conferencia ma\u00f1anera en Palacio Nacional.<\/p>\n\n\n\n<figure class=\"wp-block-image\"><img loading=\"lazy\" decoding=\"async\" width=\"700\" height=\"465\" src=\"http:\/\/diariodigitalmx.com\/wp-content\/uploads\/2019\/04\/2019-04-17_10-04-33___2549.jpg\" alt=\"\" class=\"wp-image-2515\" srcset=\"https:\/\/diariodigitalmx.com\/wp-content\/uploads\/2019\/04\/2019-04-17_10-04-33___2549.jpg 700w, https:\/\/diariodigitalmx.com\/wp-content\/uploads\/2019\/04\/2019-04-17_10-04-33___2549-300x199.jpg 300w\" sizes=\"(max-width: 700px) 100vw, 700px\" \/><\/figure>\n","protected":false},"excerpt":{"rendered":"<p>Por Arturo Ramos Ortiz, cr\u00f3nica.com.mx &#8220;No es s\u00f3lo un asunto legal, es un asunto pol\u00edtico\u201d, fue la sentencia del presidente Andr\u00e9s Manuel L\u00f3pez Obrador luego de que se le pidiera brindar el sustento legal para haber emitido un memor\u00e1ndum en el que ordena dejar sin efecto disposiciones legales vigentes de la reforma educativa promulgada en [&hellip;]<\/p>\n","protected":false},"author":1,"featured_media":0,"comment_status":"open","ping_status":"open","sticky":true,"template":"","format":"standard","meta":{"footnotes":""},"categories":[2,1],"tags":[],"_links":{"self":[{"href":"https:\/\/diariodigitalmx.com\/index.php\/wp-json\/wp\/v2\/posts\/2513"}],"collection":[{"href":"https:\/\/diariodigitalmx.com\/index.php\/wp-json\/wp\/v2\/posts"}],"about":[{"href":"https:\/\/diariodigitalmx.com\/index.php\/wp-json\/wp\/v2\/types\/post"}],"author":[{"embeddable":true,"href":"https:\/\/diariodigitalmx.com\/index.php\/wp-json\/wp\/v2\/users\/1"}],"replies":[{"embeddable":true,"href":"https:\/\/diariodigitalmx.com\/index.php\/wp-json\/wp\/v2\/comments?post=2513"}],"version-history":[{"count":3,"href":"https:\/\/diariodigitalmx.com\/index.php\/wp-json\/wp\/v2\/posts\/2513\/revisions"}],"predecessor-version":[{"id":2518,"href":"https:\/\/diariodigitalmx.com\/index.php\/wp-json\/wp\/v2\/posts\/2513\/revisions\/2518"}],"wp:attachment":[{"href":"https:\/\/diariodigitalmx.com\/index.php\/wp-json\/wp\/v2\/media?parent=2513"}],"wp:term":[{"taxonomy":"category","embeddable":true,"href":"https:\/\/diariodigitalmx.com\/index.php\/wp-json\/wp\/v2\/categories?post=2513"},{"taxonomy":"post_tag","embeddable":true,"href":"https:\/\/diariodigitalmx.com\/index.php\/wp-json\/wp\/v2\/tags?post=2513"}],"curies":[{"name":"wp","href":"https:\/\/api.w.org\/{rel}","templated":true}]}}