{"id":2527,"date":"2019-04-18T11:12:02","date_gmt":"2019-04-18T16:12:02","guid":{"rendered":"http:\/\/diariodigitalmx.com\/?p=2527"},"modified":"2019-04-18T11:12:03","modified_gmt":"2019-04-18T16:12:03","slug":"alertan-sobre-fuertes-vientos-en-monterrey","status":"publish","type":"post","link":"https:\/\/diariodigitalmx.com\/index.php\/2019\/04\/18\/alertan-sobre-fuertes-vientos-en-monterrey\/","title":{"rendered":"Alertan sobre fuertes vientos en Monterrey"},"content":{"rendered":"\n<p><strong>Exhorta Protecci\u00f3n Civil a tomar precauciones<\/strong><\/p>\n\n\n\n<figure class=\"wp-block-image\"><img loading=\"lazy\" decoding=\"async\" width=\"640\" height=\"480\" src=\"http:\/\/diariodigitalmx.com\/wp-content\/uploads\/2019\/04\/images-2.jpeg\" alt=\"\" class=\"wp-image-2528\" srcset=\"https:\/\/diariodigitalmx.com\/wp-content\/uploads\/2019\/04\/images-2.jpeg 640w, https:\/\/diariodigitalmx.com\/wp-content\/uploads\/2019\/04\/images-2-300x225.jpeg 300w\" sizes=\"(max-width: 640px) 100vw, 640px\" \/><\/figure>\n\n\n\n<p><strong><em>Sistema frontal que afecta la zona norte del pa\u00eds provoca inestabilidad y favorece vientos fuertes de hasta 70 km\/h.<\/em><\/strong><\/p>\n\n\n\n<p>Ante los vientos que se registraron la madrugada de este jueves y que se podr\u00edan extender durante el resto del d\u00eda, Protecci\u00f3n Civil Nuevo Le\u00f3n exhort\u00f3 a la poblaci\u00f3n a resguardarse y evitar caminar por lugares de riesgo como lo son \u00e1reas donde se localicen anuncios panor\u00e1micos o \u00e1rboles en malas condiciones.<\/p>\n\n\n\n<p>Miguel Perales, Director Operativo de Protecci\u00f3n Civil Nuevo Le\u00f3n, exhort\u00f3 a los ciudadanos a que si salen a las calles verifiquen la ruta a seguir, descartando que por la misma se encuentren potenciales situaciones de riesgo como la existencia de objetos met\u00e1licos en balcones o azoteas.<\/p>\n\n\n\n<p>Se espera que los vientos se registren este jueves a partir de las 14:00 horas.<\/p>\n\n\n\n<p>\u201cEl llamado a la comunidad es evitar caminar o circular por lugares donde haya objetos con riesgo, principalmente panor\u00e1micos, \u00e1rboles, cables o postes de luminaria p\u00fablica o de la Comisi\u00f3n Federal de Electricidad\u201d, dijo.<\/p>\n\n\n\n<p>\u201cVamos a tener presencia de vientos, no esperamos que sean igual de fuertes como los de la madrugada, pero estaremos al pendiente de estos vientos que son generados por la entrada de un frente fr\u00edo\u201d, inform\u00f3 el Director Operativo de la dependencia.<\/p>\n\n\n\n<p>Durante la madrugada de este jueves en diversas zonas del \u00e1rea metropolitana y en el Aeropuerto Internacional de Monterrey&nbsp; se registraron vientos con r\u00e1fagas de hasta 50 km\/h.<\/p>\n\n\n\n<p>\u201cLos vientos estaban pronosticados por la Comisi\u00f3n Nacional del Agua, es por la entrada de un frente fr\u00edo, el cual provoc\u00f3 tormentas en la zona norte de Coahuila y en el Valle de Texas, aqu\u00ed en Nuevo Le\u00f3n provoc\u00f3 la entrada de viento fuerte alrededor de las 2 de la ma\u00f1ana\u201d, explic\u00f3 Perales.<\/p>\n\n\n\n<p>Aunque no se registraron da\u00f1os graves, esta madrugada la dependencia recibi\u00f3 dos reportes sobre \u00e1rboles ca\u00eddos en Guadalupe y otro en Monterrey.<\/p>\n","protected":false},"excerpt":{"rendered":"<p>Exhorta Protecci\u00f3n Civil a tomar precauciones Sistema frontal que afecta la zona norte del pa\u00eds provoca inestabilidad y favorece vientos fuertes de hasta 70 km\/h. Ante los vientos que se registraron la madrugada de este jueves y que se podr\u00edan extender durante el resto del d\u00eda, Protecci\u00f3n Civil Nuevo Le\u00f3n exhort\u00f3 a la poblaci\u00f3n a [&hellip;]<\/p>\n","protected":false},"author":1,"featured_media":0,"comment_status":"open","ping_status":"open","sticky":true,"template":"","format":"standard","meta":{"footnotes":""},"categories":[6,1],"tags":[],"_links":{"self":[{"href":"https:\/\/diariodigitalmx.com\/index.php\/wp-json\/wp\/v2\/posts\/2527"}],"collection":[{"href":"https:\/\/diariodigitalmx.com\/index.php\/wp-json\/wp\/v2\/posts"}],"about":[{"href":"https:\/\/diariodigitalmx.com\/index.php\/wp-json\/wp\/v2\/types\/post"}],"author":[{"embeddable":true,"href":"https:\/\/diariodigitalmx.com\/index.php\/wp-json\/wp\/v2\/users\/1"}],"replies":[{"embeddable":true,"href":"https:\/\/diariodigitalmx.com\/index.php\/wp-json\/wp\/v2\/comments?post=2527"}],"version-history":[{"count":1,"href":"https:\/\/diariodigitalmx.com\/index.php\/wp-json\/wp\/v2\/posts\/2527\/revisions"}],"predecessor-version":[{"id":2529,"href":"https:\/\/diariodigitalmx.com\/index.php\/wp-json\/wp\/v2\/posts\/2527\/revisions\/2529"}],"wp:attachment":[{"href":"https:\/\/diariodigitalmx.com\/index.php\/wp-json\/wp\/v2\/media?parent=2527"}],"wp:term":[{"taxonomy":"category","embeddable":true,"href":"https:\/\/diariodigitalmx.com\/index.php\/wp-json\/wp\/v2\/categories?post=2527"},{"taxonomy":"post_tag","embeddable":true,"href":"https:\/\/diariodigitalmx.com\/index.php\/wp-json\/wp\/v2\/tags?post=2527"}],"curies":[{"name":"wp","href":"https:\/\/api.w.org\/{rel}","templated":true}]}}