{"id":2533,"date":"2019-04-18T11:22:51","date_gmt":"2019-04-18T16:22:51","guid":{"rendered":"http:\/\/diariodigitalmx.com\/?p=2533"},"modified":"2019-04-18T11:22:52","modified_gmt":"2019-04-18T16:22:52","slug":"yautepec-se-vuelve-loco-con-la-visita-sorpresa-de-will-smith","status":"publish","type":"post","link":"https:\/\/diariodigitalmx.com\/index.php\/2019\/04\/18\/yautepec-se-vuelve-loco-con-la-visita-sorpresa-de-will-smith\/","title":{"rendered":"Yautepec se vuelve loco con la visita sorpresa de Will Smith"},"content":{"rendered":"\n<p>El actor habr\u00eda llegado a grabar algunas escenas de la tercera parte de la saga \u201cBad Boys\u201d<\/p>\n\n\n\n<p>Yautepec, Morelos.- El actor estadounidense Will Smith lleg\u00f3 al poblado de Oacalco, municipio de Yautepec en medio de la sorpresa de pobladores.<\/p>\n\n\n\n<p>Testigos narraron que el protagonista de Soy Leyenda lleg\u00f3 en medio de un operativo de seguridad y en un helic\u00f3ptero que aterriz\u00f3 en la cancha del poblado.<\/p>\n\n\n\n\n\n<p>Desde las rejas, los vecinos pudieron tomar videos de su arribo.<\/p>\n\n\n\n<p>El actor estar\u00eda en Morelos por filmar escenas de la tercera parte de la saga Bad Boys.<\/p>\n\n\n\n<figure class=\"wp-block-image\"><img loading=\"lazy\" decoding=\"async\" width=\"400\" height=\"250\" src=\"http:\/\/diariodigitalmx.com\/wp-content\/uploads\/2019\/04\/Will-Smith-en-Oacalco-Yautepec-Morelos-M\u00e9xico.jpeg\" alt=\"\" class=\"wp-image-2534\" srcset=\"https:\/\/diariodigitalmx.com\/wp-content\/uploads\/2019\/04\/Will-Smith-en-Oacalco-Yautepec-Morelos-M\u00e9xico.jpeg 400w, https:\/\/diariodigitalmx.com\/wp-content\/uploads\/2019\/04\/Will-Smith-en-Oacalco-Yautepec-Morelos-M\u00e9xico-300x188.jpeg 300w\" sizes=\"(max-width: 400px) 100vw, 400px\" \/><\/figure>\n","protected":false},"excerpt":{"rendered":"<p>El actor habr\u00eda llegado a grabar algunas escenas de la tercera parte de la saga \u201cBad Boys\u201d Yautepec, Morelos.- El actor estadounidense Will Smith lleg\u00f3 al poblado de Oacalco, municipio de Yautepec en medio de la sorpresa de pobladores. Testigos narraron que el protagonista de Soy Leyenda lleg\u00f3 en medio de un operativo de seguridad [&hellip;]<\/p>\n","protected":false},"author":1,"featured_media":0,"comment_status":"open","ping_status":"open","sticky":true,"template":"","format":"standard","meta":{"footnotes":""},"categories":[9,1],"tags":[],"_links":{"self":[{"href":"https:\/\/diariodigitalmx.com\/index.php\/wp-json\/wp\/v2\/posts\/2533"}],"collection":[{"href":"https:\/\/diariodigitalmx.com\/index.php\/wp-json\/wp\/v2\/posts"}],"about":[{"href":"https:\/\/diariodigitalmx.com\/index.php\/wp-json\/wp\/v2\/types\/post"}],"author":[{"embeddable":true,"href":"https:\/\/diariodigitalmx.com\/index.php\/wp-json\/wp\/v2\/users\/1"}],"replies":[{"embeddable":true,"href":"https:\/\/diariodigitalmx.com\/index.php\/wp-json\/wp\/v2\/comments?post=2533"}],"version-history":[{"count":2,"href":"https:\/\/diariodigitalmx.com\/index.php\/wp-json\/wp\/v2\/posts\/2533\/revisions"}],"predecessor-version":[{"id":2536,"href":"https:\/\/diariodigitalmx.com\/index.php\/wp-json\/wp\/v2\/posts\/2533\/revisions\/2536"}],"wp:attachment":[{"href":"https:\/\/diariodigitalmx.com\/index.php\/wp-json\/wp\/v2\/media?parent=2533"}],"wp:term":[{"taxonomy":"category","embeddable":true,"href":"https:\/\/diariodigitalmx.com\/index.php\/wp-json\/wp\/v2\/categories?post=2533"},{"taxonomy":"post_tag","embeddable":true,"href":"https:\/\/diariodigitalmx.com\/index.php\/wp-json\/wp\/v2\/tags?post=2533"}],"curies":[{"name":"wp","href":"https:\/\/api.w.org\/{rel}","templated":true}]}}