{"id":2540,"date":"2019-04-18T14:57:14","date_gmt":"2019-04-18T19:57:14","guid":{"rendered":"http:\/\/diariodigitalmx.com\/?p=2540"},"modified":"2019-04-18T15:26:50","modified_gmt":"2019-04-18T20:26:50","slug":"va-arzobispo-al-penal-de-topo-chico-encabeza-ceremonia-de-lavatoria-de-pies","status":"publish","type":"post","link":"https:\/\/diariodigitalmx.com\/index.php\/2019\/04\/18\/va-arzobispo-al-penal-de-topo-chico-encabeza-ceremonia-de-lavatoria-de-pies\/","title":{"rendered":"Va Arzobispo al penal de Topo Chico; encabeza ceremonia de lavatorio de pies"},"content":{"rendered":"\n<p>David Casas<br>&nbsp;Como en a\u00f1os recientes, el Arzobispo de Monterrey, Rogelio Cabrera L\u00f3pez, celebr\u00f3, con el apoyo del gobierno del estado e instituciones de la sociedad civil, la tradicional misa del lavatorio de pies en la cancha polivalente del penal del Topo Chico.<br><br>En presencia de autoridades penitenciarias y l\u00edderes de organizaciones civiles, encabezados por Consuelo Ba\u00f1uelos, de Promoci\u00f3n de Paz, Cabrera L\u00f3pez, comparti\u00f3 el mensaje a decenas de reos que asistieron a la ceremonia religiosa.<br><br>Desde hace varios a\u00f1os, este tipo de celebraciones, se han realizado en este penal, en los de Cadereyta y Apodaca as\u00ed como en el reclusorio de mujeres de la entidad.<br><br>Durante su mensaje, el Arzobispo agradeci\u00f3 la ayuda de todos los que hacen posible estas acciones que fortalecen las tareas de inclusi\u00f3n y reinserci\u00f3n social.<br><br>\u201cGracias a las personas, a las se\u00f1oras que ayudan aqu\u00ed en este lugar, gracias a los doce que aceptaron ser ap\u00f3stoles, de vestirse de otro modo, espero yo que sus compa\u00f1eros no se r\u00edan de ustedes, es un signo muy bonito en este d\u00eda\u201d, dijo Cabrera L\u00f3pez.<br><br>\u201cFelicidades a las autoridades que nos permiten a\u00f1o con a\u00f1o, nos permiten llevar adelante las tareas pastorales aqu\u00ed en este centro\u201d.<\/p>\n\n\n\n\n\n\n\n<figure class=\"wp-block-image\"><img loading=\"lazy\" decoding=\"async\" width=\"1024\" height=\"683\" src=\"http:\/\/diariodigitalmx.com\/wp-content\/uploads\/2019\/04\/7-1024x683.jpg\" alt=\"\" class=\"wp-image-2549\" srcset=\"https:\/\/diariodigitalmx.com\/wp-content\/uploads\/2019\/04\/7-1024x683.jpg 1024w, https:\/\/diariodigitalmx.com\/wp-content\/uploads\/2019\/04\/7-300x200.jpg 300w, https:\/\/diariodigitalmx.com\/wp-content\/uploads\/2019\/04\/7-768x512.jpg 768w\" sizes=\"(max-width: 1024px) 100vw, 1024px\" \/><\/figure>\n\n\n\n<figure class=\"wp-block-image\"><img loading=\"lazy\" decoding=\"async\" width=\"1024\" height=\"683\" src=\"http:\/\/diariodigitalmx.com\/wp-content\/uploads\/2019\/04\/IMG_9527-1024x683.jpg\" alt=\"\" class=\"wp-image-2555\" srcset=\"https:\/\/diariodigitalmx.com\/wp-content\/uploads\/2019\/04\/IMG_9527-1024x683.jpg 1024w, https:\/\/diariodigitalmx.com\/wp-content\/uploads\/2019\/04\/IMG_9527-300x200.jpg 300w, https:\/\/diariodigitalmx.com\/wp-content\/uploads\/2019\/04\/IMG_9527-768x512.jpg 768w\" sizes=\"(max-width: 1024px) 100vw, 1024px\" \/><\/figure>\n\n\n\n<figure class=\"wp-block-image\"><img loading=\"lazy\" decoding=\"async\" width=\"1024\" height=\"683\" src=\"http:\/\/diariodigitalmx.com\/wp-content\/uploads\/2019\/04\/IMG_9671-1024x683.jpg\" alt=\"\" class=\"wp-image-2558\" srcset=\"https:\/\/diariodigitalmx.com\/wp-content\/uploads\/2019\/04\/IMG_9671-1024x683.jpg 1024w, https:\/\/diariodigitalmx.com\/wp-content\/uploads\/2019\/04\/IMG_9671-300x200.jpg 300w, https:\/\/diariodigitalmx.com\/wp-content\/uploads\/2019\/04\/IMG_9671-768x512.jpg 768w\" sizes=\"(max-width: 1024px) 100vw, 1024px\" \/><\/figure>\n\n\n\n<figure class=\"wp-block-image\"><img loading=\"lazy\" decoding=\"async\" width=\"1024\" height=\"683\" src=\"http:\/\/diariodigitalmx.com\/wp-content\/uploads\/2019\/04\/5-1024x683.jpg\" alt=\"\" class=\"wp-image-2564\" srcset=\"https:\/\/diariodigitalmx.com\/wp-content\/uploads\/2019\/04\/5-1024x683.jpg 1024w, https:\/\/diariodigitalmx.com\/wp-content\/uploads\/2019\/04\/5-300x200.jpg 300w, https:\/\/diariodigitalmx.com\/wp-content\/uploads\/2019\/04\/5-768x512.jpg 768w\" sizes=\"(max-width: 1024px) 100vw, 1024px\" \/><\/figure>\n","protected":false},"excerpt":{"rendered":"<p>David Casas&nbsp;Como en a\u00f1os recientes, el Arzobispo de Monterrey, Rogelio Cabrera L\u00f3pez, celebr\u00f3, con el apoyo del gobierno del estado e instituciones de la sociedad civil, la tradicional misa del lavatorio de pies en la cancha polivalente del penal del Topo Chico. En presencia de autoridades penitenciarias y l\u00edderes de organizaciones civiles, encabezados por Consuelo [&hellip;]<\/p>\n","protected":false},"author":1,"featured_media":2545,"comment_status":"open","ping_status":"open","sticky":true,"template":"","format":"standard","meta":{"footnotes":""},"categories":[6,1],"tags":[],"_links":{"self":[{"href":"https:\/\/diariodigitalmx.com\/index.php\/wp-json\/wp\/v2\/posts\/2540"}],"collection":[{"href":"https:\/\/diariodigitalmx.com\/index.php\/wp-json\/wp\/v2\/posts"}],"about":[{"href":"https:\/\/diariodigitalmx.com\/index.php\/wp-json\/wp\/v2\/types\/post"}],"author":[{"embeddable":true,"href":"https:\/\/diariodigitalmx.com\/index.php\/wp-json\/wp\/v2\/users\/1"}],"replies":[{"embeddable":true,"href":"https:\/\/diariodigitalmx.com\/index.php\/wp-json\/wp\/v2\/comments?post=2540"}],"version-history":[{"count":9,"href":"https:\/\/diariodigitalmx.com\/index.php\/wp-json\/wp\/v2\/posts\/2540\/revisions"}],"predecessor-version":[{"id":2567,"href":"https:\/\/diariodigitalmx.com\/index.php\/wp-json\/wp\/v2\/posts\/2540\/revisions\/2567"}],"wp:featuredmedia":[{"embeddable":true,"href":"https:\/\/diariodigitalmx.com\/index.php\/wp-json\/wp\/v2\/media\/2545"}],"wp:attachment":[{"href":"https:\/\/diariodigitalmx.com\/index.php\/wp-json\/wp\/v2\/media?parent=2540"}],"wp:term":[{"taxonomy":"category","embeddable":true,"href":"https:\/\/diariodigitalmx.com\/index.php\/wp-json\/wp\/v2\/categories?post=2540"},{"taxonomy":"post_tag","embeddable":true,"href":"https:\/\/diariodigitalmx.com\/index.php\/wp-json\/wp\/v2\/tags?post=2540"}],"curies":[{"name":"wp","href":"https:\/\/api.w.org\/{rel}","templated":true}]}}