{"id":25942,"date":"2020-03-14T08:38:06","date_gmt":"2020-03-14T14:38:06","guid":{"rendered":"http:\/\/diariodigitalmx.com\/?p=25942"},"modified":"2020-03-14T08:38:42","modified_gmt":"2020-03-14T14:38:42","slug":"son-ya-cuatro-los-casos-de-coronavirus-en-nl","status":"publish","type":"post","link":"https:\/\/diariodigitalmx.com\/index.php\/2020\/03\/14\/son-ya-cuatro-los-casos-de-coronavirus-en-nl\/","title":{"rendered":"Son ya cuatro los casos de coronavirus en NL"},"content":{"rendered":"\n<p>Monterrey, N. L-En Nuevo Le\u00f3n aumentaron a cuatro el n\u00famero de casos &nbsp;con coronavirus mientras se estudia a jueves personas m\u00e1s.<br><\/p>\n\n\n\n<p>El secretario de Salud en la entidad, Manuel de la O inform\u00f3 que se trata de dos personas, una de 30 a\u00f1os y otra de 72 que se suman a los dos que ya est\u00e1n confirmados.<br><\/p>\n\n\n\n<p>Aunque no se identifica a las personas, se sabe extraoficialmente que que se trata del empresario Eduardo Garza T. Fern\u00e1ndez, presidente honorario de Frisa y miembro del llamado Grupo de los 10, adem\u00e1s de presidente ejecutivo del Consejo Nuevo Le\u00f3n para la Planeaci\u00f3n Estrat\u00e9gica.<br><\/p>\n\n\n\n<p>Recientemente regres\u00f3 de Aspen, Colorado, en un vuelo privado y, al presentar s\u00edntomas, se realiz\u00f3 una prueba en el Hospital Christus Muguerza, la cual result\u00f3 positiva y luego fue confirmada por el examen oficial. En el mismo vuelo viaj\u00f3 otra de las personas que ha sido confirmada como sospechosa.<br><\/p>\n\n\n\n<p>El paciente de 30 a\u00f1os viaj\u00f3 Espa\u00f1a regres\u00f3 el nueve de marzo y empez\u00f3 con s\u00edntomas, fue al laboratorio a examen y Salud luego confirm\u00f3<br><\/p>\n\n\n\n<p>Actualmente en Nuevo Le\u00f3n se han dado 33 casos de los que 20 se descartan, cuatro se confirman y nueve son sospechosos.<br><\/p>\n\n\n\n<p>De la O dijo que se mantiene en observaci\u00f3n a los familiares de los afectados para descartar cualquier contagio.<br><br>El Gobernador Jaime Rodr\u00edguez Calder\u00f3n inform\u00f3 que a partir de hoy sesionar\u00e1 diariamente el Comit\u00e9 de Seguridad en Salud y se ofrecer\u00e1 una conferencia de prensa matutina para actualizar la informaci\u00f3n.<br><br>Se pidi\u00f3 a los hospitales o laboratorios privados no proporcionar ninguna informaci\u00f3n de sus pacientes<\/p>\n\n\n\n<p><\/p>\n","protected":false},"excerpt":{"rendered":"<p>Monterrey, N. L-En Nuevo Le\u00f3n aumentaron a cuatro el n\u00famero de casos &nbsp;con coronavirus mientras se estudia a jueves personas m\u00e1s. El secretario de Salud en la entidad, Manuel de la O inform\u00f3 que se trata de dos personas, una de 30 a\u00f1os y otra de 72 que se suman a los dos que ya [&hellip;]<\/p>\n","protected":false},"author":1,"featured_media":25940,"comment_status":"open","ping_status":"open","sticky":true,"template":"","format":"standard","meta":{"footnotes":""},"categories":[6,3],"tags":[],"_links":{"self":[{"href":"https:\/\/diariodigitalmx.com\/index.php\/wp-json\/wp\/v2\/posts\/25942"}],"collection":[{"href":"https:\/\/diariodigitalmx.com\/index.php\/wp-json\/wp\/v2\/posts"}],"about":[{"href":"https:\/\/diariodigitalmx.com\/index.php\/wp-json\/wp\/v2\/types\/post"}],"author":[{"embeddable":true,"href":"https:\/\/diariodigitalmx.com\/index.php\/wp-json\/wp\/v2\/users\/1"}],"replies":[{"embeddable":true,"href":"https:\/\/diariodigitalmx.com\/index.php\/wp-json\/wp\/v2\/comments?post=25942"}],"version-history":[{"count":2,"href":"https:\/\/diariodigitalmx.com\/index.php\/wp-json\/wp\/v2\/posts\/25942\/revisions"}],"predecessor-version":[{"id":25945,"href":"https:\/\/diariodigitalmx.com\/index.php\/wp-json\/wp\/v2\/posts\/25942\/revisions\/25945"}],"wp:featuredmedia":[{"embeddable":true,"href":"https:\/\/diariodigitalmx.com\/index.php\/wp-json\/wp\/v2\/media\/25940"}],"wp:attachment":[{"href":"https:\/\/diariodigitalmx.com\/index.php\/wp-json\/wp\/v2\/media?parent=25942"}],"wp:term":[{"taxonomy":"category","embeddable":true,"href":"https:\/\/diariodigitalmx.com\/index.php\/wp-json\/wp\/v2\/categories?post=25942"},{"taxonomy":"post_tag","embeddable":true,"href":"https:\/\/diariodigitalmx.com\/index.php\/wp-json\/wp\/v2\/tags?post=25942"}],"curies":[{"name":"wp","href":"https:\/\/api.w.org\/{rel}","templated":true}]}}