{"id":2622,"date":"2019-04-19T18:25:55","date_gmt":"2019-04-19T23:25:55","guid":{"rendered":"http:\/\/diariodigitalmx.com\/?p=2622"},"modified":"2019-04-19T18:31:33","modified_gmt":"2019-04-19T23:31:33","slug":"internos-de-cereso-de-apodaca-escenifican-viacrucis","status":"publish","type":"post","link":"https:\/\/diariodigitalmx.com\/index.php\/2019\/04\/19\/internos-de-cereso-de-apodaca-escenifican-viacrucis\/","title":{"rendered":"Internos de Cereso de Apodaca, escenifican viacrucis"},"content":{"rendered":"\n<p>Armando Galicia<\/p>\n\n\n\n<ul class=\"wp-block-gallery columns-1 is-cropped wp-block-gallery-1 is-layout-flex wp-block-gallery-is-layout-flex\"><li class=\"blocks-gallery-item\"><figure><img loading=\"lazy\" decoding=\"async\" width=\"1024\" height=\"683\" src=\"http:\/\/diariodigitalmx.com\/wp-content\/uploads\/2019\/04\/14-1024x683.jpg\" alt=\"\" data-id=\"2623\" data-link=\"http:\/\/diariodigitalmx.com\/?attachment_id=2623\" class=\"wp-image-2623\" srcset=\"https:\/\/diariodigitalmx.com\/wp-content\/uploads\/2019\/04\/14-1024x683.jpg 1024w, https:\/\/diariodigitalmx.com\/wp-content\/uploads\/2019\/04\/14-300x200.jpg 300w, https:\/\/diariodigitalmx.com\/wp-content\/uploads\/2019\/04\/14-768x512.jpg 768w\" sizes=\"(max-width: 1024px) 100vw, 1024px\" \/><\/figure><\/li><\/ul>\n\n\n\n<p>Monterrey, N. L- Con sus di\u00e1logos memorizados para personificar a Judas, Poncio Pilato, los disc\u00edpulos y Jes\u00fas, los internos del Centro de Reinserci\u00f3n Social Apodaca dieron vida a la representaci\u00f3n del viacrucis.<br><br>Durante la obra tambi\u00e9n realizaron la actuaci\u00f3n de la Traici\u00f3n de Judas y la \u00daltima Cena.<br><br>A trav\u00e9s de las 14 estaciones del viacrucis, 21 internos personificaron la Pasi\u00f3n de Cristo.<br><br>El evento inici\u00f3 en el Auditorio alrededor de las 11:30 horas y las estaciones del viacrucis fueron colocadas en las \u00e1reas verdes del centro penitenciario.<br><br>Como cada a\u00f1o, el viacrucis fue organizado en coordinaci\u00f3n con la Pastoral Penitenciaria Cat\u00f3lica del CERESO. <br><br>Consuelo Ba\u00f1uelos, titular de la asociaci\u00f3n Promoci\u00f3n de Paz ABP, explic\u00f3 que la espiritualidad es muy importante para la readaptaci\u00f3n social.<br><br>\u201cTodo el crecimiento f\u00edsico, espiritual, emocional y mental es parte del desarrollo integral de la persona y en los centros penitenciarios es important\u00edsimo que se puedan desarrollar en todas las \u00e1reas de su vida para poder fortalecerse y salir con nuevas intenciones, estas acciones fortalecen su espiritualidad\u201d, explic\u00f3 la titular de la asociaci\u00f3n civil.<br><br>Los internos iniciaron los ensayos en el mes de enero, para presentar la obra ante sus familiares.<br><br><br><\/p>\n\n\n\n<ul class=\"wp-block-gallery columns-3 is-cropped wp-block-gallery-2 is-layout-flex wp-block-gallery-is-layout-flex\"><li class=\"blocks-gallery-item\"><figure><img loading=\"lazy\" decoding=\"async\" width=\"1024\" height=\"683\" src=\"http:\/\/diariodigitalmx.com\/wp-content\/uploads\/2019\/04\/IMG_9980-1024x683.jpg\" alt=\"\" data-id=\"2627\" data-link=\"http:\/\/diariodigitalmx.com\/index.php\/2019\/04\/19\/internos-de-cereso-de-apodaca-escenifican-viacrucis\/img_9980\/\" class=\"wp-image-2627\" srcset=\"https:\/\/diariodigitalmx.com\/wp-content\/uploads\/2019\/04\/IMG_9980-1024x683.jpg 1024w, https:\/\/diariodigitalmx.com\/wp-content\/uploads\/2019\/04\/IMG_9980-300x200.jpg 300w, https:\/\/diariodigitalmx.com\/wp-content\/uploads\/2019\/04\/IMG_9980-768x512.jpg 768w\" sizes=\"(max-width: 1024px) 100vw, 1024px\" \/><\/figure><\/li><li class=\"blocks-gallery-item\"><figure><img loading=\"lazy\" decoding=\"async\" width=\"1024\" height=\"683\" src=\"http:\/\/diariodigitalmx.com\/wp-content\/uploads\/2019\/04\/IMG_0002-1024x683.jpg\" alt=\"\" data-id=\"2628\" data-link=\"http:\/\/diariodigitalmx.com\/index.php\/2019\/04\/19\/internos-de-cereso-de-apodaca-escenifican-viacrucis\/img_0002\/\" class=\"wp-image-2628\" srcset=\"https:\/\/diariodigitalmx.com\/wp-content\/uploads\/2019\/04\/IMG_0002-1024x683.jpg 1024w, https:\/\/diariodigitalmx.com\/wp-content\/uploads\/2019\/04\/IMG_0002-300x200.jpg 300w, https:\/\/diariodigitalmx.com\/wp-content\/uploads\/2019\/04\/IMG_0002-768x512.jpg 768w\" sizes=\"(max-width: 1024px) 100vw, 1024px\" \/><\/figure><\/li><li class=\"blocks-gallery-item\"><figure><img loading=\"lazy\" decoding=\"async\" width=\"1024\" height=\"683\" src=\"http:\/\/diariodigitalmx.com\/wp-content\/uploads\/2019\/04\/20-1-1024x683.jpg\" alt=\"\" data-id=\"2629\" data-link=\"http:\/\/diariodigitalmx.com\/index.php\/2019\/04\/19\/internos-de-cereso-de-apodaca-escenifican-viacrucis\/20-1\/\" class=\"wp-image-2629\" srcset=\"https:\/\/diariodigitalmx.com\/wp-content\/uploads\/2019\/04\/20-1-1024x683.jpg 1024w, https:\/\/diariodigitalmx.com\/wp-content\/uploads\/2019\/04\/20-1-300x200.jpg 300w, https:\/\/diariodigitalmx.com\/wp-content\/uploads\/2019\/04\/20-1-768x512.jpg 768w\" sizes=\"(max-width: 1024px) 100vw, 1024px\" \/><\/figure><\/li><li class=\"blocks-gallery-item\"><figure><img loading=\"lazy\" decoding=\"async\" width=\"1024\" height=\"683\" src=\"http:\/\/diariodigitalmx.com\/wp-content\/uploads\/2019\/04\/13-1024x683.jpg\" alt=\"\" data-id=\"2630\" data-link=\"http:\/\/diariodigitalmx.com\/index.php\/2019\/04\/19\/internos-de-cereso-de-apodaca-escenifican-viacrucis\/attachment\/13\/\" class=\"wp-image-2630\" srcset=\"https:\/\/diariodigitalmx.com\/wp-content\/uploads\/2019\/04\/13-1024x683.jpg 1024w, https:\/\/diariodigitalmx.com\/wp-content\/uploads\/2019\/04\/13-300x200.jpg 300w, https:\/\/diariodigitalmx.com\/wp-content\/uploads\/2019\/04\/13-768x512.jpg 768w\" sizes=\"(max-width: 1024px) 100vw, 1024px\" \/><\/figure><\/li><li class=\"blocks-gallery-item\"><figure><img loading=\"lazy\" decoding=\"async\" width=\"1024\" height=\"683\" src=\"http:\/\/diariodigitalmx.com\/wp-content\/uploads\/2019\/04\/11-1024x683.jpg\" alt=\"\" data-id=\"2631\" data-link=\"http:\/\/diariodigitalmx.com\/index.php\/2019\/04\/19\/internos-de-cereso-de-apodaca-escenifican-viacrucis\/attachment\/11\/\" class=\"wp-image-2631\" srcset=\"https:\/\/diariodigitalmx.com\/wp-content\/uploads\/2019\/04\/11-1024x683.jpg 1024w, https:\/\/diariodigitalmx.com\/wp-content\/uploads\/2019\/04\/11-300x200.jpg 300w, https:\/\/diariodigitalmx.com\/wp-content\/uploads\/2019\/04\/11-768x512.jpg 768w\" sizes=\"(max-width: 1024px) 100vw, 1024px\" \/><\/figure><\/li><\/ul>\n","protected":false},"excerpt":{"rendered":"<p>Armando Galicia Monterrey, N. L- Con sus di\u00e1logos memorizados para personificar a Judas, Poncio Pilato, los disc\u00edpulos y Jes\u00fas, los internos del Centro de Reinserci\u00f3n Social Apodaca dieron vida a la representaci\u00f3n del viacrucis. Durante la obra tambi\u00e9n realizaron la actuaci\u00f3n de la Traici\u00f3n de Judas y la \u00daltima Cena. A trav\u00e9s de las 14 [&hellip;]<\/p>\n","protected":false},"author":1,"featured_media":2625,"comment_status":"open","ping_status":"open","sticky":false,"template":"","format":"standard","meta":{"footnotes":""},"categories":[6,3,1],"tags":[],"_links":{"self":[{"href":"https:\/\/diariodigitalmx.com\/index.php\/wp-json\/wp\/v2\/posts\/2622"}],"collection":[{"href":"https:\/\/diariodigitalmx.com\/index.php\/wp-json\/wp\/v2\/posts"}],"about":[{"href":"https:\/\/diariodigitalmx.com\/index.php\/wp-json\/wp\/v2\/types\/post"}],"author":[{"embeddable":true,"href":"https:\/\/diariodigitalmx.com\/index.php\/wp-json\/wp\/v2\/users\/1"}],"replies":[{"embeddable":true,"href":"https:\/\/diariodigitalmx.com\/index.php\/wp-json\/wp\/v2\/comments?post=2622"}],"version-history":[{"count":2,"href":"https:\/\/diariodigitalmx.com\/index.php\/wp-json\/wp\/v2\/posts\/2622\/revisions"}],"predecessor-version":[{"id":2632,"href":"https:\/\/diariodigitalmx.com\/index.php\/wp-json\/wp\/v2\/posts\/2622\/revisions\/2632"}],"wp:featuredmedia":[{"embeddable":true,"href":"https:\/\/diariodigitalmx.com\/index.php\/wp-json\/wp\/v2\/media\/2625"}],"wp:attachment":[{"href":"https:\/\/diariodigitalmx.com\/index.php\/wp-json\/wp\/v2\/media?parent=2622"}],"wp:term":[{"taxonomy":"category","embeddable":true,"href":"https:\/\/diariodigitalmx.com\/index.php\/wp-json\/wp\/v2\/categories?post=2622"},{"taxonomy":"post_tag","embeddable":true,"href":"https:\/\/diariodigitalmx.com\/index.php\/wp-json\/wp\/v2\/tags?post=2622"}],"curies":[{"name":"wp","href":"https:\/\/api.w.org\/{rel}","templated":true}]}}