{"id":26564,"date":"2020-03-23T00:06:49","date_gmt":"2020-03-23T06:06:49","guid":{"rendered":"http:\/\/diariodigitalmx.com\/?p=26564"},"modified":"2020-03-23T00:07:44","modified_gmt":"2020-03-23T06:07:44","slug":"por-cierto-224","status":"publish","type":"post","link":"https:\/\/diariodigitalmx.com\/index.php\/2020\/03\/23\/por-cierto-224\/","title":{"rendered":"Por cierto&#8230;"},"content":{"rendered":"\n<p>\u00d3scar Tamez Rodr\u00edguez<\/p>\n\n\n\n<p>En pol\u00edtica, los mensajes cruzados son peligrosos para la credibilidad institucional. Esto se presenta en el asunto del coronavirus. Por un lado, L\u00f3pez y L\u00f3pez (L\u00f3pez Obrador y L\u00f3pez-Gatell) empe\u00f1ados en asegurar es m\u00e1s el ruido que las nueces en materia de contagios, L\u00f3pez sigue en sus giras con la aprobaci\u00f3n de L\u00f3pez, el responsable del control de epidemias. En contraparte, se pide a la gente seguir arraigada en los domicilios, que salgan a lo esencial. Los hospitales privados de NL construyen instalaciones m\u00f3viles para atender casos de coronavirus, los s\u00faper limitan la compra de productos en alimentos b\u00e1sicos, limpieza, higiene y desinfecci\u00f3n a una cantidad m\u00ednima por persona, ya no empaquetan adultos mayores y limitan la presencia de clientes a 1 por cuenta. \u00bfCu\u00e1l discurso creer? El de s\u00faper L\u00f3pez o el de una contingencia mayor para los siguientes d\u00edas. Pero eso s\u00ed, las redes permanecen como la arena de los debates sesudos entre chairos y fif\u00eds sobre AMLO, coronavirus y responsabilidades. \u00a1Un favor, ya no manden audios y videos de \u201cexpertos\u201d en coronavirus! Como el preservativo, esos genios debieron salir antes del ni\u00f1o\u2026 \u00a1Qu\u00e9 alguien diga a las televisoras que mejoren la programaci\u00f3n, en algo ayuda al estr\u00e9s dom\u00e9stico!<br><a rel=\"noreferrer noopener\" href=\"http:\/\/www.estudiospoliticos.mx\/\" target=\"_blank\">www.estudiospoliticos.mx<\/a><a rel=\"noreferrer noopener\" href=\"http:\/\/www.twitter.com\/@EstudiosMx\" target=\"_blank\">www.Twitter.com\/@EstudiosMx<\/a><a rel=\"noreferrer noopener\" href=\"http:\/\/www.facebook.com\/EstudiosPoliticos.mx\" target=\"_blank\">www.Facebook.com\/EstudiosPoliticos.mx<\/a><br><\/p>\n\n\n\n<p><\/p>\n","protected":false},"excerpt":{"rendered":"<p>\u00d3scar Tamez Rodr\u00edguez En pol\u00edtica, los mensajes cruzados son peligrosos para la credibilidad institucional. Esto se presenta en el asunto del coronavirus. Por un lado, L\u00f3pez y L\u00f3pez (L\u00f3pez Obrador y L\u00f3pez-Gatell) empe\u00f1ados en asegurar es m\u00e1s el ruido que las nueces en materia de contagios, L\u00f3pez sigue en sus giras con la aprobaci\u00f3n de [&hellip;]<\/p>\n","protected":false},"author":1,"featured_media":26567,"comment_status":"open","ping_status":"open","sticky":true,"template":"","format":"standard","meta":{"footnotes":""},"categories":[14,12],"tags":[],"_links":{"self":[{"href":"https:\/\/diariodigitalmx.com\/index.php\/wp-json\/wp\/v2\/posts\/26564"}],"collection":[{"href":"https:\/\/diariodigitalmx.com\/index.php\/wp-json\/wp\/v2\/posts"}],"about":[{"href":"https:\/\/diariodigitalmx.com\/index.php\/wp-json\/wp\/v2\/types\/post"}],"author":[{"embeddable":true,"href":"https:\/\/diariodigitalmx.com\/index.php\/wp-json\/wp\/v2\/users\/1"}],"replies":[{"embeddable":true,"href":"https:\/\/diariodigitalmx.com\/index.php\/wp-json\/wp\/v2\/comments?post=26564"}],"version-history":[{"count":1,"href":"https:\/\/diariodigitalmx.com\/index.php\/wp-json\/wp\/v2\/posts\/26564\/revisions"}],"predecessor-version":[{"id":26565,"href":"https:\/\/diariodigitalmx.com\/index.php\/wp-json\/wp\/v2\/posts\/26564\/revisions\/26565"}],"wp:featuredmedia":[{"embeddable":true,"href":"https:\/\/diariodigitalmx.com\/index.php\/wp-json\/wp\/v2\/media\/26567"}],"wp:attachment":[{"href":"https:\/\/diariodigitalmx.com\/index.php\/wp-json\/wp\/v2\/media?parent=26564"}],"wp:term":[{"taxonomy":"category","embeddable":true,"href":"https:\/\/diariodigitalmx.com\/index.php\/wp-json\/wp\/v2\/categories?post=26564"},{"taxonomy":"post_tag","embeddable":true,"href":"https:\/\/diariodigitalmx.com\/index.php\/wp-json\/wp\/v2\/tags?post=26564"}],"curies":[{"name":"wp","href":"https:\/\/api.w.org\/{rel}","templated":true}]}}