{"id":26585,"date":"2020-03-23T07:17:44","date_gmt":"2020-03-23T13:17:44","guid":{"rendered":"http:\/\/diariodigitalmx.com\/?p=26585"},"modified":"2020-03-23T07:18:14","modified_gmt":"2020-03-23T13:18:14","slug":"rescatan-a-5-mexicanos-en-region-montanosa-de-california","status":"publish","type":"post","link":"https:\/\/diariodigitalmx.com\/index.php\/2020\/03\/23\/rescatan-a-5-mexicanos-en-region-montanosa-de-california\/","title":{"rendered":"Rescatan a 5 mexicanos en regi\u00f3n monta\u00f1osa de California"},"content":{"rendered":"\n<p>*Mexicana grave en San Diego<\/p>\n\n\n\n<p>Por Rogelio Romero<\/p>\n\n\n\n<p>Estados Unidos.- La Unidad A\u00e9rea de Rescates&nbsp;&nbsp;perteneciente a la Patrulla Fronteriza, encontr\u00f3 a cinco mexicanos que se perdieron en la regi\u00f3n monta\u00f1osa&nbsp;&nbsp;de Otay en California.<\/p>\n\n\n\n<p>De acuerdo a la informaci\u00f3n, el grupo se extravi\u00f3&nbsp;&nbsp;tras cruzar el lado estadounidense, quedando atrapados en la fr\u00eda zona monta\u00f1osa localizada 4.8 kil\u00f3metros al este del cruce fronterizo de Mesa de Otay.<\/p>\n\n\n\n<p>Los migrantes utilizaron un tel\u00e9fono celular para contactar a los agentes fronterizos que junto a otros cuerpos de emergencia en la regi\u00f3n, iniciaron la b\u00fasqueda de las personas.<\/p>\n\n\n\n<p>Tras varias horas de rastrear la zona monta\u00f1osa por aire y tierra, finalmente fueron encontrados en una \u00e1rea rocosa denominada&nbsp;\u201cColonel\u00b4s Ridgline\u201d, localizada a 3.2 kil\u00f3metros al norte de la l\u00ednea fronteriza.<\/p>\n\n\n\n<p>Entre el grupo viajaba una mujer mexicana de 18 a\u00f1os de edad, que por causa del frio estaba inconsciente y enferma de hipotermia, por lo dif\u00edcil del terreno monta\u00f1oso no se pudo utilizar un helic\u00f3ptero para auxiliarla.<\/p>\n\n\n\n<p>Los cuerpos de rescate la sacaron de la zona monta\u00f1osa por tierra, llev\u00e1ndola a terreno plano, donde finalmente pudo ser trasportada v\u00eda a\u00e9rea a un hospital en San Diego.<\/p>\n\n\n\n<p>De acuerdo al reporte la connacional permanece internada, en estado cr\u00edtico e inconsciente.<\/p>\n\n\n\n<p>Se dio aviso a las autoridades consulares mexicanas para que se localiza a sus familiares, debido al delicado estado de salud en el que se encuentra.<\/p>\n","protected":false},"excerpt":{"rendered":"<p>*Mexicana grave en San Diego Por Rogelio Romero Estados Unidos.- La Unidad A\u00e9rea de Rescates&nbsp;&nbsp;perteneciente a la Patrulla Fronteriza, encontr\u00f3 a cinco mexicanos que se perdieron en la regi\u00f3n monta\u00f1osa&nbsp;&nbsp;de Otay en California. De acuerdo a la informaci\u00f3n, el grupo se extravi\u00f3&nbsp;&nbsp;tras cruzar el lado estadounidense, quedando atrapados en la fr\u00eda zona monta\u00f1osa localizada 4.8 [&hellip;]<\/p>\n","protected":false},"author":1,"featured_media":26587,"comment_status":"open","ping_status":"open","sticky":true,"template":"","format":"standard","meta":{"footnotes":""},"categories":[14,7],"tags":[],"_links":{"self":[{"href":"https:\/\/diariodigitalmx.com\/index.php\/wp-json\/wp\/v2\/posts\/26585"}],"collection":[{"href":"https:\/\/diariodigitalmx.com\/index.php\/wp-json\/wp\/v2\/posts"}],"about":[{"href":"https:\/\/diariodigitalmx.com\/index.php\/wp-json\/wp\/v2\/types\/post"}],"author":[{"embeddable":true,"href":"https:\/\/diariodigitalmx.com\/index.php\/wp-json\/wp\/v2\/users\/1"}],"replies":[{"embeddable":true,"href":"https:\/\/diariodigitalmx.com\/index.php\/wp-json\/wp\/v2\/comments?post=26585"}],"version-history":[{"count":1,"href":"https:\/\/diariodigitalmx.com\/index.php\/wp-json\/wp\/v2\/posts\/26585\/revisions"}],"predecessor-version":[{"id":26586,"href":"https:\/\/diariodigitalmx.com\/index.php\/wp-json\/wp\/v2\/posts\/26585\/revisions\/26586"}],"wp:featuredmedia":[{"embeddable":true,"href":"https:\/\/diariodigitalmx.com\/index.php\/wp-json\/wp\/v2\/media\/26587"}],"wp:attachment":[{"href":"https:\/\/diariodigitalmx.com\/index.php\/wp-json\/wp\/v2\/media?parent=26585"}],"wp:term":[{"taxonomy":"category","embeddable":true,"href":"https:\/\/diariodigitalmx.com\/index.php\/wp-json\/wp\/v2\/categories?post=26585"},{"taxonomy":"post_tag","embeddable":true,"href":"https:\/\/diariodigitalmx.com\/index.php\/wp-json\/wp\/v2\/tags?post=26585"}],"curies":[{"name":"wp","href":"https:\/\/api.w.org\/{rel}","templated":true}]}}